{"id":211986,"date":"2025-07-29T05:00:10","date_gmt":"2025-07-29T03:00:10","guid":{"rendered":"https:\/\/dievolkswirtschaft.ch\/?p=211986"},"modified":"2025-07-29T05:00:22","modified_gmt":"2025-07-29T03:00:22","slug":"comment-la-satisfaction-au-travail-evolue-t-elle","status":"publish","type":"post","link":"https:\/\/dievolkswirtschaft.ch\/fr\/2025\/07\/comment-la-satisfaction-au-travail-evolue-t-elle\/","title":{"rendered":"Comment la satisfaction au travail \u00e9volue-t-elle?"},"content":{"rendered":"<div class=\"content-copy-questions\">Quelle est l\u2019importance du travail pour les personnes actives en Suisse?<\/div>\n<p>Dans le <a href=\"https:\/\/www.unilu.ch\/fileadmin\/fakultaeten\/wf\/institute\/hrm\/dok\/HR-Barometer\/2024\/1ExecutiveSummary_HRB24_FR.pdf\">barom\u00e8tre suisse des relations humaines 2024<\/a>, pr\u00e8s des deux tiers des salari\u00e9s indiquent que le travail occupe une place centrale dans leur vie. Ils sont m\u00eame 84% \u00e0 r\u00e9pondre par l\u2019affirmative quand on leur demande plus g\u00e9n\u00e9ralement si le travail est important pour eux.<\/p>\n<div class=\"content-copy-questions\">Qu\u2019est-ce qui motive les gens \u00e0 travailler?<\/div>\n<p>Il y a des facteurs externes, comme le salaire et les bonnes conditions de travail, mais aussi la pression et la surveillance exerc\u00e9es par la hi\u00e9rarchie, auxquels s\u2019ajoute une motivation intrins\u00e8que d\u00e8s lors que le travail s\u2019accompagne d\u2019une autonomie en mati\u00e8re de prise de d\u00e9cision, d\u2019apprentissage et de collaboration, tout en \u00e9tant int\u00e9ressant et vari\u00e9. Cette motivation intrins\u00e8que est g\u00e9n\u00e9ralement plus profitable.<\/p>\n<div class=\"content-copy-questions\">Les jeunes g\u00e9n\u00e9rations sont-elles plus attach\u00e9es \u00e0 l\u2019\u00e9quilibre entre travail et vie priv\u00e9e?<\/div>\n<p>Nos r\u00e9sultats sugg\u00e8rent effectivement cette tendance. Alors que la place accord\u00e9e \u00e0 la famille est demeur\u00e9e quasiment inchang\u00e9e depuis notre enqu\u00eate men\u00e9e en 2014, l\u2019activit\u00e9 professionnelle tend \u00e0 perdre de l\u2019importance, tandis que les loisirs ont tendance \u00e0 en gagner (environ 4% \u00e0 5% en moyenne). Pour les employ\u00e9s les plus jeunes, les loisirs sont tout aussi importants, voire un peu plus, que le travail. Quelles que soient les tranches d&#8217;\u00e2ge, le travail devient plus important et le temps libre passe au second plan avec l\u2019avanc\u00e9e en \u00e2ge. Enfin, c\u2019est la famille qui compte le plus dans la vie pour les personnes d\u2019\u00e2ge moyen.<\/p>\n<p>&nbsp;<\/p>\n<p><span class=\"content-quotes\">Les employ\u00e9s doivent de plus en plus composer avec leur travail, dans lequel ils s\u2019impliquent moins spontan\u00e9ment.<\/span><\/p>\n<p>&nbsp;<\/p>\n<div class=\"content-copy-questions\">Quel r\u00f4le jouent les mod\u00e8les de travail flexibles dans la satisfaction professionnelle?<\/div>\n<p>Les sondages p\u00e9riodiques de la Haute \u00e9cole sp\u00e9cialis\u00e9e du nord-ouest de la Suisse montrent que la flexibilit\u00e9 est tr\u00e8s pris\u00e9e par les employ\u00e9s. En 2022, 15% des personnes interrog\u00e9es ont m\u00eame cit\u00e9 la possibilit\u00e9 de travailler \u00e0 distance comme une condition <em>sine qua non<\/em> pour accepter un nouvel emploi hypoth\u00e9tique.<\/p>\n<div class=\"content-copy-questions\">Comment la satisfaction au travail a-t-elle \u00e9volu\u00e9 au fil du temps?<\/div>\n<p>Nous faisons la distinction entre entre cinq types de satisfaction professionnelle dans le barom\u00e8tre RH. Depuis le lancement de nos enqu\u00eates, en 2006, c\u2019est celui de la \u00absatisfaction stabilis\u00e9e\u00bb qui arrive toujours en t\u00eate: 35%\u00a0\u00e0 40% des personnes interrog\u00e9es sont contentes de leur situation, \u00e0 laquelle elles ne veulent rien changer. Viennent ensuite les employ\u00e9s qui ne peuvent \u00eatre satisfaits qu\u2019en revoyant \u00e0 la baisse leurs exigences: ces personnes entrent dans la cat\u00e9gorie de la \u00absatisfaction r\u00e9sign\u00e9e\u00bb. Leur nombre a augment\u00e9 au fil des ans et ils repr\u00e9sentent d\u00e9sormais une part de 29%, contre moins de 20% auparavant. De m\u00eame, la proportion des employ\u00e9s affichant une \u00abinsatisfaction \u00e9tablie\u00bb a l\u00e9g\u00e8rement progress\u00e9, passant de\u00a05% \u00e0\u00a09%. Dans leur cas, il existe un grand foss\u00e9 entre leurs aspirations et la r\u00e9alit\u00e9, et ils ne voient pas comment le combler eux-m\u00eames.<\/p>\n<div class=\"content-copy-questions\">Dans l\u2019ensemble, la tendance est donc plut\u00f4t n\u00e9gative?<\/div>\n<p>Oui; les employ\u00e9s doivent de plus en plus composer avec leur travail, dans lequel ils s\u2019impliquent moins spontan\u00e9ment.<\/p>\n<div class=\"content-copy-questions\">Les nouveaux moyens technologiques permettent-ils d\u2019accro\u00eetre la satisfaction\u00a0des employ\u00e9s?<\/div>\n<p>D\u2019une mani\u00e8re g\u00e9n\u00e9rale, on constate une tr\u00e8s grande ouverture des employ\u00e9s aux nouvelles technologies, telles que la robotique, l\u2019IA g\u00e9n\u00e9rative ou les nouveaux outils de communication. Par exemple, quand nous avons demand\u00e9 \u00e0 des personnes dont le m\u00e9tier n\u00e9cessite un apprentissage si elles voyaient dans les technologies une menace ou un enrichissement pour leur travail, nombre d\u2019entre elles ont indiqu\u00e9 que ces nouvelles ressources rendaient leur activit\u00e9 plus int\u00e9ressante, leur ouvraient des possibilit\u00e9s d\u2019apprentissage et augmentaient ainsi la probabilit\u00e9 qu\u2019elles restent dans cette profession. Bien s\u00fbr, tout d\u00e9pend de la fa\u00e7on dont sont introduites les technologies, selon que le personnel a \u00e9t\u00e9 consult\u00e9\u00a0ou non, et de leur finalit\u00e9, donc de la question de savoir si elles sont destin\u00e9es \u00e0 faciliter le travail humain ou \u00e0 le remplacer.<\/p>\n<p>&nbsp;<\/p>\n<p><em>Propos recueillis par \u00abLa Vie \u00e9conomique\u00bb<\/em><\/p>","protected":false},"excerpt":{"rendered":"<p>Quelle est l\u2019importance du travail pour les personnes actives en Suisse? Dans le barom\u00e8tre suisse des relations humaines 2024, pr\u00e8s des deux tiers des salari\u00e9s indiquent que le travail occupe une place centrale dans leur vie. Ils sont m\u00eame 84% \u00e0 r\u00e9pondre par l\u2019affirmative quand on leur demande plus g\u00e9n\u00e9ralement si le travail est important [&hellip;]<\/p>","protected":false},"author":4626,"featured_media":212900,"comment_status":"open","ping_status":"open","sticky":false,"template":"","format":"standard","meta":{"_acf_changed":false,"om_disable_all_campaigns":false,"ep_exclude_from_search":false,"footnotes":""},"post__type":[80],"post_opinion":[227],"post_serie":[],"post_content_category":[241],"post_content_subject":[195,217],"acf":{"seco_author":4626,"seco_co_author":"","author_override":"","seco_author_post_ocupation_year":"","seco_author_post_occupation_de":"Professorin f\u00fcr Arbeits- und Organisationspsychologie, Departement Management, Technologie und \u00d6konomie (D-MTEC), ETH Z\u00fcrich","seco_author_post_occupation_fr":"Professeure de psychologie du travail et des organisations, D\u00e9partement de gestion, technologie et \u00e9conomie, \u00c9cole polytechnique f\u00e9d\u00e9rale de Zurich (EPFZ)","seco_co_authors_post_ocupation":null,"short_title":"","post_lead":"","post_hero_image_description":"Des t\u00e2ches int\u00e9ressantes et vari\u00e9es augmentent la motivation au travail.","post_hero_image_description_copyright_de":"","post_hero_image_description_copyright_fr":"Keystone","post_references_literature":"","post_kasten":[{"kasten_title":"L'interview\u00e9e","kasten_box":"<a href=\"https:\/\/dievolkswirtschaft.ch\/content\/uploads\/2025\/07\/Grote_Gudela_nachgefragt.jpg\"><img class=\"alignnone size-full wp-image-212791\" src=\"https:\/\/dievolkswirtschaft.ch\/content\/uploads\/2025\/07\/Grote_Gudela_nachgefragt.jpg\" alt=\"\" width=\"592\" height=\"396\" \/><\/a>\r\n\r\nGudela Grote est professeure de psychologie du travail et des organisations \u00e0 l\u2019EPF Zurich"}],"post_notes_for_print":"","first_teaser_header_de":"","first_teaser_header_fr":"","first_teaser_text_de":"","first_teaser_text_fr":"","second_teaser_header_de":"","second_teaser_header_fr":"","second_teaser_text_de":"","second_teaser_text_fr":"","kseason_de":"","kseason_fr":"","post_in_pdf":"","main_focus":"","serie_email":"","frontpage_slider_bild":"","artikel_bild-slider":null,"legacy_id":"","post_abstract":"","magazine_issue":null,"seco_author_reccomended_post":"","redaktoren":"","korrektor":"","planned_publication_date":"2025-07-29 03:00:13","original_files":null,"external_release_for_author":"20250720","external_release_for_author_time":"00:10:00","link_for_external_authors":""},"_links":{"self":[{"href":"https:\/\/dievolkswirtschaft.ch\/fr\/wp-json\/wp\/v2\/posts\/211986"}],"collection":[{"href":"https:\/\/dievolkswirtschaft.ch\/fr\/wp-json\/wp\/v2\/posts"}],"about":[{"href":"https:\/\/dievolkswirtschaft.ch\/fr\/wp-json\/wp\/v2\/types\/post"}],"author":[{"embeddable":true,"href":"https:\/\/dievolkswirtschaft.ch\/fr\/wp-json\/wp\/v2\/users\/4626"}],"replies":[{"embeddable":true,"href":"https:\/\/dievolkswirtschaft.ch\/fr\/wp-json\/wp\/v2\/comments?post=211986"}],"version-history":[{"count":15,"href":"https:\/\/dievolkswirtschaft.ch\/fr\/wp-json\/wp\/v2\/posts\/211986\/revisions"}],"predecessor-version":[{"id":212919,"href":"https:\/\/dievolkswirtschaft.ch\/fr\/wp-json\/wp\/v2\/posts\/211986\/revisions\/212919"}],"acf:user":[{"embeddable":true,"href":"https:\/\/dievolkswirtschaft.ch\/fr\/wp-json\/wp\/v2\/users\/4626"}],"wp:featuredmedia":[{"embeddable":true,"href":"https:\/\/dievolkswirtschaft.ch\/fr\/wp-json\/wp\/v2\/media\/212900"}],"wp:attachment":[{"href":"https:\/\/dievolkswirtschaft.ch\/fr\/wp-json\/wp\/v2\/media?parent=211986"}],"wp:term":[{"taxonomy":"post__type","embeddable":true,"href":"https:\/\/dievolkswirtschaft.ch\/fr\/wp-json\/wp\/v2\/post__type?post=211986"},{"taxonomy":"post_opinion","embeddable":true,"href":"https:\/\/dievolkswirtschaft.ch\/fr\/wp-json\/wp\/v2\/post_opinion?post=211986"},{"taxonomy":"post_serie","embeddable":true,"href":"https:\/\/dievolkswirtschaft.ch\/fr\/wp-json\/wp\/v2\/post_serie?post=211986"},{"taxonomy":"post_content_category","embeddable":true,"href":"https:\/\/dievolkswirtschaft.ch\/fr\/wp-json\/wp\/v2\/post_content_category?post=211986"},{"taxonomy":"post_content_subject","embeddable":true,"href":"https:\/\/dievolkswirtschaft.ch\/fr\/wp-json\/wp\/v2\/post_content_subject?post=211986"}],"curies":[{"name":"wp","href":"https:\/\/api.w.org\/{rel}","templated":true}]}}