{"id":214554,"date":"2025-11-11T07:05:55","date_gmt":"2025-11-11T06:05:55","guid":{"rendered":"https:\/\/dievolkswirtschaft.ch\/?p=214554"},"modified":"2025-11-11T09:08:22","modified_gmt":"2025-11-11T08:08:22","slug":"dommages-causes-par-des-cyberattaques-un-risque-assurable","status":"publish","type":"post","link":"https:\/\/dievolkswirtschaft.ch\/fr\/2025\/11\/dommages-causes-par-des-cyberattaques-un-risque-assurable\/","title":{"rendered":"Dommages caus\u00e9s par des cyberattaques: un risque assurable"},"content":{"rendered":"<p>Les assurances trouvent leur origine dans le secteur du transport maritime. D\u00e8s l\u2019Antiquit\u00e9, des commer\u00e7ants ing\u00e9nieux assuraient leurs navires et leur marchandise en versant une forme de prime aux investisseurs. \u00c0 l\u2019exemple de l\u2019\u00e9mergence de l\u2019assurance incendie cons\u00e9cutive \u00e0 des sinistres majeurs ou de l\u2019av\u00e8nement de la couverture automobile li\u00e9e \u00e0 la production de masse de la Ford\u00a0T, les assurances refl\u00e8tent les pr\u00e9occupations sociales de leur temps tout en y apportant des solutions. Elles r\u00e9pondent \u00e0 des \u00e9v\u00e9nements ext\u00e9rieurs et au besoin de protection qui en d\u00e9coule. L\u2019av\u00e8nement de la cyberassurance en est l\u2019exemple le plus r\u00e9cent.<\/p>\n<p>Faisant suite \u00e0 la diffusion de l\u2019Internet et \u00e0 celle, concomitante, de la cybercriminalit\u00e9, les premi\u00e8res polices de cyberassurance ont fait leur apparition \u00e0 la fin des ann\u00e9es 1990. Elles couvraient alors principalement la responsabilit\u00e9 civile en cas de violation de la protection des donn\u00e9es. Contrairement \u00e0 l\u2019assurance automobile, devenue un produit standard des assureurs, la demande de cyberassurance demeure faible: seuls quelque 10% des entreprises suisses poss\u00e8dent actuellement une couverture contre les cyberrisques. Le potentiel de rattrapage est particuli\u00e8rement important dans le secteur des PME, dont les acteurs sous-estiment syst\u00e9matiquement les risques de cyberattaque et ignorent m\u00eame souvent qu\u2019ils ont la possibilit\u00e9 de s\u2019assurer contre les dommages en d\u00e9coulant.<\/p>\n<p>&nbsp;<\/p>\n<p><span class=\"content-quotes\">La pr\u00e9vention reste le meilleur moyen de lutter efficacement contre la cybercriminalit\u00e9.\u00a0<\/span><\/p>\n<p>&nbsp;<\/p>\n<p>Allant au-del\u00e0 des risques de responsabilit\u00e9 civile, la protection d\u2019assurance couvre \u00e9galement les dommages financiers, tels que les co\u00fbts de restauration des syst\u00e8mes et le manque \u00e0 gagner inh\u00e9rent \u00e0 l\u2019interruption de l\u2019exploitation. Les cyberassurances offrent ainsi aux entreprises comme aux particuliers une protection suppl\u00e9mentaire contre les cons\u00e9quences financi\u00e8res des cyberincidents.<\/p>\n<p>\u00c0 noter que les assureurs apportent un soutien avant, pendant et apr\u00e8s une attaque. En amont, ils participent \u00e0 la mise en place d\u2019une protection de base et dispensent des conseils de pr\u00e9vention. L\u2019instauration de mesures pr\u00e9ventives minimales comme la cr\u00e9ation de mots de passe sophistiqu\u00e9s, l\u2019installation syst\u00e9matique des mises \u00e0 jour ou l\u2019ex\u00e9cution r\u00e9guli\u00e8re de sauvegardes, constitue d\u00e9j\u00e0 un frein aux activit\u00e9s d\u00e9lictueuses certes modeste, mais qui peut parfois se r\u00e9v\u00e9ler d\u00e9cisif. M\u00eame si les cybercriminels ne cessent d\u2019\u00e9toffer leur arsenal, notamment gr\u00e2ce \u00e0 l\u2019intelligence artificielle, la pr\u00e9vention reste le meilleur moyen de lutter efficacement contre cette forme de criminalit\u00e9.<\/p>\n<p>Si une cyberattaque aboutit malgr\u00e9 tout, l\u2019assureur aide la victime \u00e0 g\u00e9rer l\u2019incident et s\u2019efforce de r\u00e9duire le pr\u00e9judice subi en lui fournissant un soutien juridique et des conseils pour limiter les atteintes \u00e0 la r\u00e9putation. Il assume ainsi un r\u00f4le qui d\u00e9passe sa fonction de porteur de risques et contribue \u00e0 renforcer la r\u00e9silience de la Suisse.<\/p>","protected":false},"excerpt":{"rendered":"<p>Les assurances trouvent leur origine dans le secteur du transport maritime. D\u00e8s l\u2019Antiquit\u00e9, des commer\u00e7ants ing\u00e9nieux assuraient leurs navires et leur marchandise en versant une forme de prime aux investisseurs. \u00c0 l\u2019exemple de l\u2019\u00e9mergence de l\u2019assurance incendie cons\u00e9cutive \u00e0 des sinistres majeurs ou de l\u2019av\u00e8nement de la couverture automobile li\u00e9e \u00e0 la production de masse [&hellip;]<\/p>","protected":false},"author":13735,"featured_media":214568,"comment_status":"open","ping_status":"open","sticky":false,"template":"","format":"standard","meta":{"_acf_changed":false,"om_disable_all_campaigns":false,"ep_exclude_from_search":false,"footnotes":""},"post__type":[81,80],"post_opinion":[86],"post_serie":[],"post_content_category":[241],"post_content_subject":[188],"acf":{"seco_author":13735,"seco_co_author":"","author_override":"","seco_author_post_ocupation_year":"","seco_author_post_occupation_de":"Direktor des Schweizerischen Versicherungsverbandes SVV, Z\u00fcrich","seco_author_post_occupation_fr":"Directeur de l\u2019Association Suisse d\u2019Assurances (ASA), Zurich","seco_co_authors_post_ocupation":null,"short_title":"","post_lead":"","post_hero_image_description":"","post_hero_image_description_copyright_de":"","post_hero_image_description_copyright_fr":"","post_references_literature":"","post_kasten":null,"post_notes_for_print":"","first_teaser_header_de":"","first_teaser_header_fr":"","first_teaser_text_de":"","first_teaser_text_fr":"","second_teaser_header_de":"","second_teaser_header_fr":"","second_teaser_text_de":"","second_teaser_text_fr":"","kseason_de":"","kseason_fr":"","post_in_pdf":"","main_focus":[215155,215158],"serie_email":"","frontpage_slider_bild":"","artikel_bild-slider":null,"legacy_id":"","post_abstract":"","magazine_issue":null,"seco_author_reccomended_post":"","redaktoren":"","korrektor":"","planned_publication_date":"2025-11-11 06:05:55","original_files":null,"external_release_for_author":null,"external_release_for_author_time":"","link_for_external_authors":"https:\/\/dievolkswirtschaft.ch\/fr\/exedit\/68e638af82e8b"},"_links":{"self":[{"href":"https:\/\/dievolkswirtschaft.ch\/fr\/wp-json\/wp\/v2\/posts\/214554"}],"collection":[{"href":"https:\/\/dievolkswirtschaft.ch\/fr\/wp-json\/wp\/v2\/posts"}],"about":[{"href":"https:\/\/dievolkswirtschaft.ch\/fr\/wp-json\/wp\/v2\/types\/post"}],"author":[{"embeddable":true,"href":"https:\/\/dievolkswirtschaft.ch\/fr\/wp-json\/wp\/v2\/users\/13735"}],"replies":[{"embeddable":true,"href":"https:\/\/dievolkswirtschaft.ch\/fr\/wp-json\/wp\/v2\/comments?post=214554"}],"version-history":[{"count":2,"href":"https:\/\/dievolkswirtschaft.ch\/fr\/wp-json\/wp\/v2\/posts\/214554\/revisions"}],"predecessor-version":[{"id":214819,"href":"https:\/\/dievolkswirtschaft.ch\/fr\/wp-json\/wp\/v2\/posts\/214554\/revisions\/214819"}],"acf:post":[{"embeddable":true,"href":"https:\/\/dievolkswirtschaft.ch\/fr\/wp-json\/wp\/v2\/main_focus_post\/215158"},{"embeddable":true,"href":"https:\/\/dievolkswirtschaft.ch\/fr\/wp-json\/wp\/v2\/main_focus_post\/215155"}],"acf:user":[{"embeddable":true,"href":"https:\/\/dievolkswirtschaft.ch\/fr\/wp-json\/wp\/v2\/users\/13735"}],"wp:featuredmedia":[{"embeddable":true,"href":"https:\/\/dievolkswirtschaft.ch\/fr\/wp-json\/wp\/v2\/media\/214568"}],"wp:attachment":[{"href":"https:\/\/dievolkswirtschaft.ch\/fr\/wp-json\/wp\/v2\/media?parent=214554"}],"wp:term":[{"taxonomy":"post__type","embeddable":true,"href":"https:\/\/dievolkswirtschaft.ch\/fr\/wp-json\/wp\/v2\/post__type?post=214554"},{"taxonomy":"post_opinion","embeddable":true,"href":"https:\/\/dievolkswirtschaft.ch\/fr\/wp-json\/wp\/v2\/post_opinion?post=214554"},{"taxonomy":"post_serie","embeddable":true,"href":"https:\/\/dievolkswirtschaft.ch\/fr\/wp-json\/wp\/v2\/post_serie?post=214554"},{"taxonomy":"post_content_category","embeddable":true,"href":"https:\/\/dievolkswirtschaft.ch\/fr\/wp-json\/wp\/v2\/post_content_category?post=214554"},{"taxonomy":"post_content_subject","embeddable":true,"href":"https:\/\/dievolkswirtschaft.ch\/fr\/wp-json\/wp\/v2\/post_content_subject?post=214554"}],"curies":[{"name":"wp","href":"https:\/\/api.w.org\/{rel}","templated":true}]}}