{"id":214812,"date":"2025-12-11T06:45:23","date_gmt":"2025-12-11T05:45:23","guid":{"rendered":"https:\/\/dievolkswirtschaft.ch\/?p=214812"},"modified":"2025-12-11T10:24:22","modified_gmt":"2025-12-11T09:24:22","slug":"infrastructure-dassainissement-des-investissements-substantiels-sont-necessaires","status":"publish","type":"post","link":"https:\/\/dievolkswirtschaft.ch\/fr\/2025\/12\/infrastructure-dassainissement-des-investissements-substantiels-sont-necessaires\/","title":{"rendered":"Infrastructure d\u2019assainissement: des investissements substantiels sont n\u00e9cessaires"},"content":{"rendered":"<p>Bien qu\u2019il soit largement invisible, le syst\u00e8me de traitement des eaux us\u00e9es joue un r\u00f4le crucial en Suisse. La longueur totale des tuyaux et des canalisations s\u2019\u00e9l\u00e8ve \u00e0 environ 91\u00a0000\u00a0kilom\u00e8tres, soit plus de deux fois la circonf\u00e9rence de la Terre.<\/p>\n<p>La Suisse compte 766 grandes installations, r\u00e9parties dans tout le pays, qui traitent les eaux us\u00e9es avant de les rejeter dans le sol en toute s\u00e9curit\u00e9. Cela repr\u00e9sente chaque ann\u00e9e 900 millions de tonnes d\u2019eau us\u00e9e, 760 millions de tonnes d\u2019eau de pluie et quelque 300 millions de tonnes d\u2019eau claire<a href=\"#footnote_1\" id=\"footnote-anchor_1\" class=\"inline-footnote__anchor\">[1]<\/a>, soit approximativement le volume des lacs de Bienne et de Morat r\u00e9unis. Cette infrastructure contribue \u00e0 la qualit\u00e9 de vie \u00e9lev\u00e9e de la population suisse, prot\u00e8ge contre les inondations, assure la protection des eaux et joue un r\u00f4le important en mati\u00e8re d\u2019hygi\u00e8ne et donc de sant\u00e9 publique.<\/p>\n<h2 class=\"text__graphic-title\">Des investissements tourn\u00e9s vers l\u2019avenir<\/h2>\n<p>Ce service public n\u2019a pu \u00eatre mis en \u0153uvre que gr\u00e2ce aux investissements consid\u00e9rables r\u00e9alis\u00e9s par le pass\u00e9. La valeur de remplacement de l\u2019infrastructure d\u2019assainissement repr\u00e9sente ainsi quelque 120\u00a0milliards de francs, un montant comparable \u00e0 celui n\u00e9cessaire pour le remplacement des infrastructures routi\u00e8res (171\u00a0milliards de francs) ou ferroviaires (100\u00a0milliards de francs)<a href=\"#footnote_2\" id=\"footnote-anchor_2\" class=\"inline-footnote__anchor\">[2]<\/a>. \u00c0 noter que seule une petite partie de ce montant est consacr\u00e9e aux stations d\u2019\u00e9puration des eaux us\u00e9es (Step) (14\u00a0milliards de francs), la majeure partie \u00e9tant utilis\u00e9e pour les canalisations.<\/p>\n<p>De nombreuses infrastructures ont \u00e9t\u00e9 construites durant les d\u00e9cennies de haute conjoncture des ann\u00e9es\u00a01970 et 1980 et n\u00e9cessitent d\u2019importants travaux de r\u00e9novation en raison de son vieillissement et du d\u00e9veloppement urbain. Cependant, il n\u2019est pas judicieux de remplacer ou de simplement r\u00e9nover ces installations: il faut plut\u00f4t les adapter en tenant compte des nombreux d\u00e9fis futurs.<\/p>\n<h2 class=\"text__graphic-title\">Hausse de la densit\u00e9 de population<\/h2>\n<p>Parmi ces d\u00e9fis, on peut citer la densification des villes. En approuvant la modification de la loi sur l\u2019am\u00e9nagement du territoire<a href=\"#footnote_3\" id=\"footnote-anchor_3\" class=\"inline-footnote__anchor\">[3]<\/a> en 2013, le peuple a signal\u00e9 qu\u2019il acceptait une augmentation limit\u00e9e de la surface b\u00e2tie. En outre, l\u2019Office f\u00e9d\u00e9ral de la statistique table sur une croissance moyenne de la population d\u2019environ 15% au cours des 30\u00a0prochaines ann\u00e9es. Cette croissance sera marqu\u00e9e par de fortes disparit\u00e9s r\u00e9gionales: dans le canton de Zurich, la population devrait augmenter deux fois plus que dans d\u2019autres r\u00e9gions. Les zones b\u00e2ties vont se densifier, entra\u00eenant une saturation des infrastructures existantes qu\u2019il faudra adapter \u00e0 la nouvelle situation.<\/p>\n<p>\u00c0 cela s\u2019ajoute le probl\u00e8me du r\u00e9chauffement climatique. Au cours des dix derni\u00e8res ann\u00e9es, la hausse moyenne des temp\u00e9ratures a atteint 2,8\u00a0degr\u00e9s en Suisse, soit bien plus que la moyenne mondiale qui s\u2019\u00e9l\u00e8ve \u00e0 1,5\u00a0degr\u00e9. Par cons\u00e9quent, la probabilit\u00e9 que le pays soit plus souvent confront\u00e9 \u00e0 des p\u00e9riodes de s\u00e9cheresse et des vagues de chaleur augmente. Une \u00e9tude r\u00e9cente<a href=\"#footnote_4\" id=\"footnote-anchor_4\" class=\"inline-footnote__anchor\">[4]<\/a> montre que la Suisse figure parmi les pays qui devront le plus s\u2019adapter au changement climatique. L\u2019une des mesures cl\u00e9s dans ce domaine consiste en l\u2019am\u00e9nagement d\u2019infrastructures bleu-vert, aussi appel\u00e9es \u00abvilles \u00e9ponges\u00bb. L\u2019objectif est de r\u00e9tablir une gestion naturelle des eaux, les eaux pluviales n\u2019\u00e9tant pas \u00e9vacu\u00e9es, mais d\u00e9vi\u00e9es vers des espaces verts. Ce syst\u00e8me permet aussi de r\u00e9duire la temp\u00e9rature dans les logements gr\u00e2ce \u00e0 l\u2019effet d\u2019\u00e9vaporation des plantes, mais aussi de d\u00e9charger les infrastructures d\u2019\u00e9puration, puisqu\u2019il y a moins d\u2019eaux pluviales \u00e0 \u00e9vacuer, et de limiter le risque d\u2019inondations.<\/p>\n<h2 class=\"text__graphic-title\">R\u00e9novation et renforcement de l\u2019infrastructure d\u2019assainissement: un co\u00fbt global de 100\u00a0milliards de francs (2025-2050)<\/h2>\n<p><a href=\"https:\/\/dievolkswirtschaft.ch\/content\/uploads\/2025\/12\/DV_12-25_Maurer_FR_def-1024x700.png\"><img fetchpriority=\"high\" decoding=\"async\" class=\"alignnone size-large wp-image-216294\" src=\"https:\/\/dievolkswirtschaft.ch\/content\/uploads\/2025\/12\/DV_12-25_Maurer_FR_def-1024x700.png\" alt=\"\" width=\"800\" height=\"547\" srcset=\"https:\/\/dievolkswirtschaft.ch\/content\/uploads\/2025\/12\/DV_12-25_Maurer_FR_def-1024x700.png 1024w, https:\/\/dievolkswirtschaft.ch\/content\/uploads\/2025\/12\/DV_12-25_Maurer_FR_def-300x205.png 300w, https:\/\/dievolkswirtschaft.ch\/content\/uploads\/2025\/12\/DV_12-25_Maurer_FR_def-768x525.png 768w, https:\/\/dievolkswirtschaft.ch\/content\/uploads\/2025\/12\/DV_12-25_Maurer_FR_def-1536x1050.png 1536w, https:\/\/dievolkswirtschaft.ch\/content\/uploads\/2025\/12\/DV_12-25_Maurer_FR_def.png 1774w\" sizes=\"(max-width: 800px) 100vw, 800px\" \/><\/a><\/p>\n<div class=\"diagram-legend\">Remarque: les co\u00fbts des mesures \u00abvilles \u00e9ponges\u00bb et ceux li\u00e9s \u00e0 la r\u00e9duction des dommages li\u00e9s au ruissellement n\u2019ont pas pu \u00eatre estim\u00e9s, faute d\u2019exp\u00e9rience en la mati\u00e8re; il est en outre difficile de distinguer ces co\u00fbts de ceux d\u2019autres domaines.<\/div>\n<div class=\"diagram-legend\">Source: estimations de l\u2019auteur \/ La Vie \u00e9conomique<\/div>\n<h2 class=\"text__graphic-title\">Des pr\u00e9cipitations plus fr\u00e9quentes et plus intenses<\/h2>\n<p>Autre cons\u00e9quence du r\u00e9chauffement climatique: des pluies plus fr\u00e9quentes et plus intenses, qui entra\u00eenent une augmentation du ruissellement et, partant, des inondations. L\u2019Office f\u00e9d\u00e9ral de l\u2019environnement estime que la moiti\u00e9 des dommages caus\u00e9s par les inondations est d\u2019ores et d\u00e9j\u00e0 li\u00e9 au ruissellement. Il faut donc adapter les syst\u00e8mes de drainage, en augmentant la capacit\u00e9 des canalisations ou en mettant en \u0153uvre les mesures pr\u00e9vues dans le cadre des programmes de \u00abvilles \u00e9ponges\u00bb.<\/p>\n<p>L&#8217;augmentation des pluies entraine \u00e9galement un accroissement de ce qu\u2019on appelle les d\u00e9versements d\u2019eaux mixtes, \u00e0 savoir qu\u2019en cas de fortes pluies, des eaux pollu\u00e9es sont d\u00e9vers\u00e9es directement, sans \u00eatre trait\u00e9es, dans les cours d\u2019eau, le but \u00e9tant d\u2019\u00e9viter de surcharger les Step. Ces d\u00e9versements pourraient augmenter de 50% \u00e0 100% au cours des soixante prochaines ann\u00e9es<a href=\"#footnote_5\" id=\"footnote-anchor_5\" class=\"inline-footnote__anchor\">[5]<\/a>. Or, en raison du changement climatique, les rivi\u00e8res transporteront moins d\u2019eau en \u00e9t\u00e9 et leur temp\u00e9rature moyenne va augmenter. Elles seront donc plus vuln\u00e9rables et le rejet des eaux mixtes d\u00e9gradera encore davantage leur \u00e9tat \u00e9cologique. Il est donc n\u00e9cessaire de r\u00e9aliser des investissements substantiels dans les canalisations afin de pr\u00e9server l\u2019\u00e9tat actuel des cours d\u2019eau et de r\u00e9duire les volumes des futurs d\u00e9versements.<\/p>\n<p>Le Conseil national a charg\u00e9 le Conseil f\u00e9d\u00e9ral de proposer des mesures visant \u00e0 augmenter les capacit\u00e9s de traitement des eaux us\u00e9es en Suisse<a href=\"#footnote_6\" id=\"footnote-anchor_6\" class=\"inline-footnote__anchor\">[6]<\/a>. Les co\u00fbts engendr\u00e9s par ces mesures sont difficiles \u00e0 \u00e9valuer car ils d\u00e9pendront des modalit\u00e9s de mise en \u0153uvre concr\u00e8tes ainsi que de la croissance \u00e9conomique et d\u00e9mographique. Comme il n\u2019est pas n\u00e9cessaire par ailleurs de remplacer la totalit\u00e9 du syst\u00e8me d\u2019assainissement, les co\u00fbts estim\u00e9s sont inf\u00e9rieurs \u00e0 la valeur de remplacement des installations. On peut toutefois s\u2019attendre \u00e0 ce que les travaux soient bien plus co\u00fbteux que ceux de la construction initiale de l\u2019infrastructure, car les exigences en mati\u00e8re d\u2019\u00e9vacuation des eaux us\u00e9es vont continuer d\u2019augmenter et que de nombreuses installations se trouvent au milieu des zones r\u00e9sidentielles, ce qui rench\u00e9rit les travaux. Les travaux de r\u00e9novation partielle et de renforcement devraient co\u00fbter environ 100\u00a0milliards de francs au cours des prochaines ann\u00e9es (voir <em>illustration<\/em>).<\/p>\n<h2 class=\"text__graphic-title\">La Conf\u00e9d\u00e9ration peut apporter sa pierre \u00e0 l\u2019\u00e9difice<\/h2>\n<p>La gestion des infrastructures d\u2019assainissement est une t\u00e2che qui s\u2019\u00e9tend sur plusieurs g\u00e9n\u00e9rations. C\u2019est d\u00e9sormais \u00e0 notre tour de r\u00e9aliser les investissements n\u00e9cessaires et de les axer imp\u00e9rativement sur l\u2019avenir et les besoins des g\u00e9n\u00e9rations futures. Gr\u00e2ce aux investissement pr\u00e9vus, d\u2019un montant d\u2019environ 100 milliards de francs au cours des 30 prochaines ann\u00e9es, nous avons la possibilit\u00e9 d\u2019adapter notre syst\u00e8me de gestion des eaux us\u00e9es et d\u2019y int\u00e9grer des mesures visant \u00e0 cr\u00e9er des \u00abvilles \u00e9ponges\u00bb et \u00e0 r\u00e9duire le ruissellement. Pour atteindre cet objectif, il faut que ce chantier colossal soit planifi\u00e9 de mani\u00e8re globale et transversale, que les efforts des communes soient coordonn\u00e9s au niveau national et qu\u2019ils s\u2019accompagnent d\u2019exigences l\u00e9gales, telles que l\u2019obligation de mettre en \u0153uvre des mesures \u00abvilles \u00e9ponges\u00bb<a href=\"#footnote_7\" id=\"footnote-anchor_7\" class=\"inline-footnote__anchor\">[7]<\/a> ou une gestion des eaux proche de la nature<a href=\"#footnote_8\" id=\"footnote-anchor_8\" class=\"inline-footnote__anchor\">[8]<\/a>.<\/p>\n<ol class=\"footnote\"><li id=\"footnote_1\" class=\"footnote--item\">Ce qu\u2019on appelle les \u00abeaux claires parasites\u00bb, issues de fontaines, de drainages et de sources souterraines.&nbsp;<a href=\"#footnote-anchor_1\" class=\"inline-footnote__anchor hidden-print\">[<span class=\"icon-arrow-up\"><\/span>]<\/a><\/li><li id=\"footnote_2\" class=\"footnote--item\">Voir Schalcher <em>et al.<\/em> (2011).&nbsp;<a href=\"#footnote-anchor_2\" class=\"inline-footnote__anchor hidden-print\">[<span class=\"icon-arrow-up\"><\/span>]<\/a><\/li><li id=\"footnote_3\" class=\"footnote--item\">Voir <a href=\"https:\/\/www.uvek.admin.ch\/fr\/votation-sur-la-modification-de-la-loi-sur-lamenagement-du-territoire\">Votation sur la modification de la loi sur l\u2019am\u00e9nagement du territoire<\/a>.&nbsp;<a href=\"#footnote-anchor_3\" class=\"inline-footnote__anchor hidden-print\">[<span class=\"icon-arrow-up\"><\/span>]<\/a><\/li><li id=\"footnote_4\" class=\"footnote--item\">Voir Miranda <em>et al.<\/em> (2023).&nbsp;<a href=\"#footnote-anchor_4\" class=\"inline-footnote__anchor hidden-print\">[<span class=\"icon-arrow-up\"><\/span>]<\/a><\/li><li id=\"footnote_5\" class=\"footnote--item\">Voir Cavandini <em>et al.<\/em> (2024).&nbsp;<a href=\"#footnote-anchor_5\" class=\"inline-footnote__anchor hidden-print\">[<span class=\"icon-arrow-up\"><\/span>]<\/a><\/li><li id=\"footnote_6\" class=\"footnote--item\">Voir motions 20.4261 \u00ab<a href=\"https:\/\/www.parlament.ch\/fr\/ratsbetrieb\/suche-curia-vista\/geschaeft?AffairId=20204261\">R\u00e9duction des apports d\u2019azote provenant des stations d\u2019\u00e9puration des eaux us\u00e9es<\/a>\u00bb et 20.4262 \u00ab<a href=\"https:\/\/www.parlament.ch\/fr\/ratsbetrieb\/suche-curia-vista\/geschaeft?AffairId=20204262\">Mesures visant \u00e0 \u00e9liminer les micropolluants applicables \u00e0 toutes les stations d\u2019\u00e9puration des eaux us\u00e9es<\/a>\u00bb.&nbsp;<a href=\"#footnote-anchor_6\" class=\"inline-footnote__anchor hidden-print\">[<span class=\"icon-arrow-up\"><\/span>]<\/a><\/li><li id=\"footnote_7\" class=\"footnote--item\">Comme le propose la nouvelle strat\u00e9gie de l\u2019eau du canton de Berne.&nbsp;<a href=\"#footnote-anchor_7\" class=\"inline-footnote__anchor hidden-print\">[<span class=\"icon-arrow-up\"><\/span>]<\/a><\/li><li id=\"footnote_8\" class=\"footnote--item\">Comme dans la <a href=\"https:\/\/www.zh.ch\/de\/umwelt-tiere\/wasser-gewaesser\/gewaesserschutz\/planung-abwasserentsorgung.html#-762596924\">directive relative \u00e0 la gestion des eaux pluviales<\/a> (en allemand seulement) du canton de Zurich.&nbsp;<a href=\"#footnote-anchor_8\" class=\"inline-footnote__anchor hidden-print\">[<span class=\"icon-arrow-up\"><\/span>]<\/a><\/li><\/ol>","protected":false},"excerpt":{"rendered":"<p>Bien qu\u2019il soit largement invisible, le syst\u00e8me de traitement des eaux us\u00e9es joue un r\u00f4le crucial en Suisse. La longueur totale des tuyaux et des canalisations s\u2019\u00e9l\u00e8ve \u00e0 environ 91\u00a0000\u00a0kilom\u00e8tres, soit plus de deux fois la circonf\u00e9rence de la Terre. La Suisse compte 766 grandes installations, r\u00e9parties dans tout le pays, qui traitent les eaux [&hellip;]<\/p>","protected":false},"author":4847,"featured_media":216225,"comment_status":"open","ping_status":"open","sticky":false,"template":"","format":"standard","meta":{"_acf_changed":false,"om_disable_all_campaigns":false,"ep_exclude_from_search":false,"footnotes":""},"post__type":[81,83],"post_opinion":[],"post_serie":[],"post_content_category":[105],"post_content_subject":[199],"acf":{"seco_author":4847,"seco_co_author":"","author_override":"","seco_author_post_ocupation_year":"","seco_author_post_occupation_de":"Professor f\u00fcr Systeme der Siedlungswasserwirtschaft, ETH Z\u00fcrich, und Abteilungsleiter am Wasserforschungsinstitut Eawag, D\u00fcbendorf","seco_author_post_occupation_fr":"Professeur en syst\u00e8mes de gestion des eaux urbaines, \u00c9cole polytechnique f\u00e9d\u00e9rale de Zurich (EPFZ) et chef de d\u00e9partement \u00e0 l\u2019Institut de recherche de l\u2019eau (Eawag), D\u00fcbendorf (ZH)","seco_co_authors_post_ocupation":null,"short_title":"","post_lead":"En Suisse, l\u2019infrastructure d\u2019assainissement des eaux us\u00e9es est obsol\u00e8te. La planification des travaux de r\u00e9novation devra tenir compte de diff\u00e9rents enjeux dont le changement climatique, auquel la Suisse est particuli\u00e8rement expos\u00e9e. ","post_hero_image_description":"Une grande partie des infrastructures d\u2019assainissement des eaux date des ann\u00e9es 1970 et 1980 et doit aujourd\u2019hui \u00eatre r\u00e9nov\u00e9e. Des tuyaux d\u2019\u00e9gout pr\u00eats \u00e0 \u00eatre transport\u00e9s. ","post_hero_image_description_copyright_de":"","post_hero_image_description_copyright_fr":"Keystone","post_references_literature":"<ul>\r\n \t<li class=\"content-copy\">Cavandini G.B. <em>et al.<\/em> (2024). <a href=\"https:\/\/iopscience.iop.org\/article\/10.1088\/1748-9326\/ad6462\">Can blue\u2013green infrastructure counteract the effects of climate change on combined sewer overflows? Study of a Swiss catchment<\/a>. Environmental Research Letters 19(9).<\/li>\r\n \t<li class=\"content-copy\">Miranda N. D. <em>et al.<\/em> (2023). <a href=\"https:\/\/www.nature.com\/articles\/s41893-023-01155-z\">Change in cooling degree days with global mean temperature rise increasing from 1.5\u2009\u00b0C to 2.0\u2009\u00b0C<\/a>. In: Nature Sustainability, 13\u00a0juillet.<\/li>\r\n \t<li class=\"content-copy\">Schalcher H.-R. <em>et al.<\/em> (2011). Was kostet das Bauwerk Schweiz in Zukunft und wer bezahlt daf\u00fcr? \u00c9tude cibl\u00e9e du Programme national de recherche 54 \u00abD\u00e9veloppement durable de l\u2019environnement construit\u00bb, \u00c9ditions vdf EPF Zurich.<\/li>\r\n<\/ul>","post_kasten":null,"post_notes_for_print":"","first_teaser_header_de":"","first_teaser_header_fr":"","first_teaser_text_de":"","first_teaser_text_fr":"","second_teaser_header_de":"","second_teaser_header_fr":"","second_teaser_text_de":"","second_teaser_text_fr":"","kseason_de":"","kseason_fr":"","post_in_pdf":"","main_focus":[215506,215508],"serie_email":"","frontpage_slider_bild":"","artikel_bild-slider":null,"legacy_id":"","post_abstract":"","magazine_issue":null,"seco_author_reccomended_post":"","redaktoren":"","korrektor":"","planned_publication_date":"2025-12-11 05:45:55","original_files":null,"external_release_for_author":null,"external_release_for_author_time":"","link_for_external_authors":"https:\/\/dievolkswirtschaft.ch\/fr\/exedit\/68ff3dcbcfba8"},"_links":{"self":[{"href":"https:\/\/dievolkswirtschaft.ch\/fr\/wp-json\/wp\/v2\/posts\/214812"}],"collection":[{"href":"https:\/\/dievolkswirtschaft.ch\/fr\/wp-json\/wp\/v2\/posts"}],"about":[{"href":"https:\/\/dievolkswirtschaft.ch\/fr\/wp-json\/wp\/v2\/types\/post"}],"author":[{"embeddable":true,"href":"https:\/\/dievolkswirtschaft.ch\/fr\/wp-json\/wp\/v2\/users\/4847"}],"replies":[{"embeddable":true,"href":"https:\/\/dievolkswirtschaft.ch\/fr\/wp-json\/wp\/v2\/comments?post=214812"}],"version-history":[{"count":30,"href":"https:\/\/dievolkswirtschaft.ch\/fr\/wp-json\/wp\/v2\/posts\/214812\/revisions"}],"predecessor-version":[{"id":216341,"href":"https:\/\/dievolkswirtschaft.ch\/fr\/wp-json\/wp\/v2\/posts\/214812\/revisions\/216341"}],"acf:post":[{"embeddable":true,"href":"https:\/\/dievolkswirtschaft.ch\/fr\/wp-json\/wp\/v2\/main_focus_post\/215508"},{"embeddable":true,"href":"https:\/\/dievolkswirtschaft.ch\/fr\/wp-json\/wp\/v2\/main_focus_post\/215506"}],"acf:user":[{"embeddable":true,"href":"https:\/\/dievolkswirtschaft.ch\/fr\/wp-json\/wp\/v2\/users\/4847"}],"wp:featuredmedia":[{"embeddable":true,"href":"https:\/\/dievolkswirtschaft.ch\/fr\/wp-json\/wp\/v2\/media\/216225"}],"wp:attachment":[{"href":"https:\/\/dievolkswirtschaft.ch\/fr\/wp-json\/wp\/v2\/media?parent=214812"}],"wp:term":[{"taxonomy":"post__type","embeddable":true,"href":"https:\/\/dievolkswirtschaft.ch\/fr\/wp-json\/wp\/v2\/post__type?post=214812"},{"taxonomy":"post_opinion","embeddable":true,"href":"https:\/\/dievolkswirtschaft.ch\/fr\/wp-json\/wp\/v2\/post_opinion?post=214812"},{"taxonomy":"post_serie","embeddable":true,"href":"https:\/\/dievolkswirtschaft.ch\/fr\/wp-json\/wp\/v2\/post_serie?post=214812"},{"taxonomy":"post_content_category","embeddable":true,"href":"https:\/\/dievolkswirtschaft.ch\/fr\/wp-json\/wp\/v2\/post_content_category?post=214812"},{"taxonomy":"post_content_subject","embeddable":true,"href":"https:\/\/dievolkswirtschaft.ch\/fr\/wp-json\/wp\/v2\/post_content_subject?post=214812"}],"curies":[{"name":"wp","href":"https:\/\/api.w.org\/{rel}","templated":true}]}}