{"id":215052,"date":"2025-12-09T06:40:26","date_gmt":"2025-12-09T05:40:26","guid":{"rendered":"https:\/\/dievolkswirtschaft.ch\/?p=215052"},"modified":"2025-12-09T12:31:21","modified_gmt":"2025-12-09T11:31:21","slug":"lhydroelectricite-un-gage-de-stabilite-dans-la-transition-energetique","status":"publish","type":"post","link":"https:\/\/dievolkswirtschaft.ch\/fr\/2025\/12\/lhydroelectricite-un-gage-de-stabilite-dans-la-transition-energetique\/","title":{"rendered":"L\u2019hydro\u00e9lectricit\u00e9, un gage de stabilit\u00e9 dans la transition \u00e9nerg\u00e9tique"},"content":{"rendered":"<p>La Suisse jouit de conditions tr\u00e8s favorables pour l\u2019exploitation de l\u2019\u00e9nergie hydraulique. Dans les Alpes et les Pr\u00e9alpes, les pr\u00e9cipitations apportent en moyenne 2000\u00a0mm d\u2019eau par an. En d\u2019autres termes, si l\u2019eau ne s\u2019\u00e9vacuait ou ne s\u2019\u00e9vaporait pas, elle y atteindrait un niveau de 2\u00a0m\u00e8tres au bout d\u2019une ann\u00e9e. Certaines r\u00e9gions, comme l\u2019Oberhasli bernois, o\u00f9 se situe le col du Grimsel, enregistrent m\u00eame des cumuls annuels de pr\u00e9cipitations de 3000\u00a0mm.<\/p>\n<p>L\u2019\u00eatre humain a commenc\u00e9 \u00e0 utiliser la force motrice de l\u2019eau pour faire tourner moulins et scieries il y a fort longtemps. \u00c0 l\u2019aube de l\u2019industrialisation au XIX<sup>e<\/sup>\u00a0si\u00e8cle, c\u2019est elle qui a permis l\u2019essor du secteur du textile en fournissant l\u2019\u00e9nergie n\u00e9cessaire au fonctionnement des usines de filature et de tissage, par exemple dans le canton de Glaris. Les sites de production \u00e9taient alors implant\u00e9s au bord de l\u2019eau et se servaient d\u2019une roue \u00e0 aubes pour transformer la force hydraulique en \u00e9nergie m\u00e9canique.<\/p>\n<h2 class=\"text__graphic-title\">L\u2019\u00e9nergie hydraulique<\/h2>\n<p>C\u2019est ensuite le g\u00e9n\u00e9rateur \u00e9lectrique qui a permis aux usines de produire le courant alimentant leurs machines \u00e0 partir de la force hydraulique sans avoir \u00e0 s\u2019installer aupr\u00e8s d\u2019un cours d\u2019eau. Il a vu son utilisation se g\u00e9n\u00e9raliser dans les grandes industries vers la fin du XIX<sup>e<\/sup>\u00a0si\u00e8cle, contribuant largement \u00e0 l\u2019\u00e9lectrification du pays \u00e0 grande \u00e9chelle. En 1914, la Suisse comptait d\u00e9j\u00e0 6860\u00a0installations hydrauliques. Certaines fournissaient encore une \u00e9nergie m\u00e9canique, tandis que d\u2019autres produisaient d\u00e9j\u00e0 de l\u2019\u00e9lectricit\u00e9, mais d\u2019une puissance d\u2019environ 700\u00a0m\u00e9gawatts (MW), c\u2019est-\u00e0-dire n\u2019atteignant m\u00eame pas un dixi\u00e8me de la performance globale des turbines hydrauliques actuelles.<\/p>\n<p>Jusqu\u2019\u00e0 la fin de la Seconde Guerre mondiale, la production annuelle moyenne d\u2019\u00e9lectricit\u00e9 issue de l\u2019\u00e9nergie hydraulique \u00e9tait de l\u2019ordre de 10&nbsp;000 gigawattheures (GWh), puis elle a augment\u00e9 encore plus fortement dans les ann\u00e9es 1950 et 1960, quand ont \u00e9t\u00e9 construites la plupart des grandes centrales \u00e0 accumulation de haute montagne, dont la Grande Dixence, dans le Valais. En 1967, la production annuelle d\u2019hydro\u00e9lectricit\u00e9 atteignait 28&nbsp;000 GWh en moyenne, ce qui repr\u00e9sentait 97%, soit la quasi-totalit\u00e9 de la production \u00e9lectrique nationale. Sa part a chut\u00e9 \u00e0 environ 75% dans les ann\u00e9es 1970, lorsque les premi\u00e8res centrales nucl\u00e9aires de Beznau (1 et 2) et de M\u00fchleberg ont \u00e9t\u00e9 mises en service, puis \u00e0 tout juste 60% dans les ann\u00e9es 1980, quand ont suivi celles de G\u00f6sgen et de Leibstadt, pour ensuite rester stable jusqu\u2019\u00e0 ce jour.<\/p>\n<h2 class=\"text__graphic-title\">De fortes variations dans la production<\/h2>\n<p>La production hydro\u00e9lectrique conna\u00eet depuis toujours des fluctuations annuelles consid\u00e9rables, en fonction du niveau de pr\u00e9cipitations. Ainsi, un record absolu de 48\u00a0337\u00a0GWh a \u00e9t\u00e9 enregistr\u00e9 en 2024, une ann\u00e9e particuli\u00e8rement humide, alors que seulement\u00a033\u00a0501\u00a0GWh ont \u00e9t\u00e9 produits en 2022, en raison de la s\u00e9cheresse.<\/p>\n<p>Depuis\u00a02009, la loi sur l\u2019\u00e9nergie fixe des objectifs \u00e0 long terme pour la production issue de la force hydraulique. Sa derni\u00e8re version prescrit les valeurs cibles de 37\u00a0900\u00a0GWh \u00e0 l\u2019horizon\u00a02035 et de 39\u00a0200\u00a0GWh en 2050. Comme la valeur relev\u00e9e d\u00e9but\u00a02025 dans le cadre du monitoring \u00e9tait de 36\u00a0901\u00a0GWh pour 704\u00a0installations de tailles moyennes et grandes, il faudrait qu\u2019elle augmente d\u2019environ 1000\u00a0GWh en dix ans, ce qui semble, <em>a priori,<\/em> r\u00e9alisable. Toutefois, en raison de la faiblesse des prix de l\u2019\u00e9lectricit\u00e9 dans les ann\u00e9es\u00a02010, relativement peu de projets ont vu le jour et il ne faut gu\u00e8re s\u2019attendre \u00e0 un d\u00e9veloppement de la force hydraulique dans les prochaines ann\u00e9es.<\/p>\n<p>Apr\u00e8s l\u2019introduction de la r\u00e9tribution \u00e0 prix co\u00fbtant en 2009, ce sont surtout les petites centrales hydro\u00e9lectriques qui ont permis un accroissement de la production hydraulique. Depuis\u00a02018, les grandes installations hydro\u00e9lectriques b\u00e9n\u00e9ficient pour la premi\u00e8re fois d\u2019un encouragement, sous la forme de <a href=\"https:\/\/www.bfe.admin.ch\/bfe\/fr\/home\/mesures-d-encouragement\/energies-renouvelables\/encouragement-force-hydraulique.html\">contributions d\u2019investissement<\/a>. L\u2019objectif est de soutenir la force hydraulique pour qu\u2019elle continue de contribuer \u00e0 l\u2019augmentation de la production nationale de courant, bien que moins fortement que les autres \u00e9nergies renouvelables, du fait de son potentiel de d\u00e9veloppement relativement limit\u00e9. Pour remplacer la production issue des centrales nucl\u00e9aires, mais aussi pour r\u00e9pondre \u00e0 la demande suppl\u00e9mentaire d\u2019\u00e9lectricit\u00e9 r\u00e9sultant de la d\u00e9carbonation du syst\u00e8me \u00e9nerg\u00e9tique, de la croissance d\u00e9mographique et de l\u2019essor soutenu du num\u00e9rique, la production de courant \u00e0 partir des \u00e9nergies renouvelables doit atteindre 45\u00a0000\u00a0GWh d\u2019ici\u00a02050. Dans ce cas, la part des \u00e9nergies renouvelables (hors hydraulique) dans le mix \u00e9lectrique s\u2019\u00e9l\u00e8verait \u00e0 50%, contre 10% actuellement. L\u2019hydro\u00e9lectricit\u00e9 repr\u00e9senterait alors moins de la moiti\u00e9 de la production totale de courant (voir <em>illustration<\/em>).<\/p>\n<h2 class=\"text__graphic-title\">Mix \u00e9lectrique suisse: la part de l&#8217;\u00e9nergie hydraulique va diminuer d&#8217;ici 2050<\/h2>\n<h6 class=\"copy-small-bold\">GRAPHIQUE INTERACTIF<\/h6>\n<div class='chart chart--normal' id='Dupraz_12-2025_FR'><\/div>\n\n\n<script>\n$(function () {\n    $('#Dupraz_12-2025_FR').highcharts({\n\n    chart: {\n        type: 'pie',\n        events: {\n            load: function () {\n                const chart = this;\n\n                \/\/ Titel \u00fcber linkem Kreis\n                chart.renderer.text(\n                    'Part des diff\u00e9rentes \u00e9nergies en 2025',\n                    chart.plotLeft + chart.plotWidth * 0.25,   \/\/ x-Position (\u00fcber Center 25 %)\n                    chart.plotTop + 10                          \/\/ y-Position knapp \u00fcber Plot\n                )\n                .css({\n                    fontSize: '14px',\n                    fontWeight: 'bold'\n                })\n                .attr({\n                    align: 'center'\n                })\n                .add();\n\n                \/\/ Titel \u00fcber rechtem Kreis\n                chart.renderer.text(\n                    'Part des diff\u00e9rentes \u00e9nergies en 2050',\n                    chart.plotLeft + chart.plotWidth * 0.75,   \/\/ x-Position (\u00fcber Center 75 %)\n                    chart.plotTop + 10\n                )\n                .css({\n                    fontSize: '14px',\n                    fontWeight: 'bold'\n                })\n                .attr({\n                    align: 'center'\n                })\n                .add();\n            }\n        }\n    },\n\n    title: { text: '' },\n\n    tooltip: {\n        pointFormat: '{series.name}: <b>{point.y} GWh<\/b>'\n    },\n\n    plotOptions: {\n        pie: {\n            allowPointSelect: true,\n            cursor: 'pointer',\n            showInLegend: true,\n            dataLabels: {\n                enabled: true,\n                distance: 25,   \/\/ au\u00dferhalb der Kreise\n                formatter: function () {\n                    \/\/ 0-Werte komplett ausblenden (kein Text, kein Connector)\n                    if (this.y === 0) {\n                        return '';\n                    }\n                    const pct = (this.y \/ this.series.total * 100).toFixed(1);\n                    return pct + '%';\n                },\n                style: {\n                    color: 'black',\n                    textOutline: 'none',\n                    fontSize: '11px'\n                }\n            }\n        }\n    },\n\n    series: [{\n        name: '2025',\n        size: '60%',\n        center: ['25%', '55%'],\n        data: [{\n            name: 'Force hydraulique',\n            y: 37350,\n            color: '#327775'\n        }, {\n            name: '\u00c9nergie nucl\u00e9aire',\n            y: 22983,\n            color: '#666666'\n        }, {\n            name: '\u00c9nergies renouvelables (hors hydraulique)',\n            y: 7204,\n            color: '#655c99'\n        }, {\n            name: 'Centrales thermiques',\n            y: 2530,\n            color: '#9bbcbc'\n        }]\n    }, {\n        name: 'Valeurs cibles pour 2050',\n        size: '60%',\n        center: ['75%', '55%'],\n        showInLegend: false,\n        data: [{\n            name: 'Force hydraulique',\n            y: 39200,\n            color: '#327775'\n        }, {\n            name: '\u00c9nergie nucl\u00e9aire',\n            y: 0,\n            color: '#666666',\n            dataLabels: { enabled: false },   \/\/ kein Label, kein Connector\n            enableMouseTracking: false        \/\/ kein Tooltip, kein Hover\n        }, {\n            name: '\u00c9nergies renouvelables (hors hydraulique)',\n            y: 45000,\n            color: '#655c99'\n        }, {\n            name: 'Centrales thermiques',\n            y: 1200,\n            color: '#9bbcbc'\n        }]\n    }]\n});\n});\n\n\n<\/script>\n<p>Source: Ofen, statistique des am\u00e9nagements hydro\u00e9lectriques de la Suisse (2024), Statistique globale suisse de l\u2019\u00e9nergie (2024) \/ La Vie \u00e9conomique<\/p>\n<h2 class=\"text__graphic-title\">Des bassins d\u2019accumulation pr\u00e9cieux pour la stabilit\u00e9 du syst\u00e8me<\/h2>\n<p>M\u00eame si l\u2019\u00e9nergie hydro\u00e9lectrique n\u2019est pas promise \u00e0 une forte expansion, elle jouera un r\u00f4le de plus en plus important dans le syst\u00e8me \u00e9nerg\u00e9tique car les centrales au fil de l\u2019eau contribuent \u00e0 assurer une production continue de courant et que les centrales \u00e0 accumulation ont une flexibilit\u00e9 qui les rend indispensables pour assurer la stabilit\u00e9 du syst\u00e8me. Actuellement, la puissance install\u00e9e atteint 16,5\u00a0gigawatts\u00a0(GW), d\u00e9passant nettement les pics de consommation nationale, qui se situent aux alentours de 8\u00a0GW.<\/p>\n<p>En \u00e9tant capables de s\u2019adapter aux besoins, les centrales hydro\u00e9lectriques \u00e0 accumulation permettent de maintenir la stabilit\u00e9 de la fr\u00e9quence du r\u00e9seau et d\u2019\u00e9viter les pannes de courant en cas d\u2019augmentation subite de la demande. Ce sont les r\u00e9servoirs d\u2019eau qui conf\u00e8rent cette flexibilit\u00e9 \u00e0 la force hydraulique. Au c\u0153ur des Alpes, les grands lacs de retenue peuvent pourvoir \u00e0 pr\u00e8s d\u2019un quart de la production annuelle gr\u00e2ce \u00e0 une capacit\u00e9 de stockage d\u2019\u00e9nergie de 8900\u00a0GWh. Aliment\u00e9s jusqu\u2019en automne par les eaux de fonte du printemps et les pr\u00e9cipitations estivales, ils se vident peu \u00e0 peu en hiver pour assurer la production d\u2019\u00e9lectricit\u00e9.<\/p>\n<p>Pour que ces bassins d\u2019accumulation ne soient pas totalement \u00e0 sec \u00e0 la fin de l\u2019hiver, le Parlement a prescrit la constitution d\u2019une r\u00e9serve de stockage dans la loi r\u00e9vis\u00e9e sur l\u2019approvisionnement en \u00e9lectricit\u00e9 (Lapei). Accept\u00e9e \u00e0 une large majorit\u00e9 par le corps \u00e9lectoral en juin\u00a02024, cette loi pr\u00e9voit \u00e9galement la production suppl\u00e9mentaire d\u2019au moins 2000\u00a0GWh issus de l\u2019hydraulique \u00e0 accumulation d\u2019ici\u00a02040. Il s\u2019agit ainsi d\u2019assurer la stabilit\u00e9 de la s\u00e9curit\u00e9 d\u2019approvisionnement en p\u00e9riode hivernale, m\u00eame apr\u00e8s la sortie du nucl\u00e9aire. La loi d\u00e9signe \u00e0 cet effet 16\u00a0projets concrets, dont 25\u00a0figuraient dans la d\u00e9claration commune de la table ronde consacr\u00e9e \u00e0 l\u2019\u00e9nergie hydraulique, une r\u00e9union qui avait \u00e9t\u00e9 convoqu\u00e9e en 2020 par l\u2019ancienne conseill\u00e8re f\u00e9d\u00e9rale Simonetta Sommaruga afin que les principaux acteurs de l\u2019hydro\u00e9lectricit\u00e9 puissent \u00e9changer sur des sujets tels que les d\u00e9fis \u00e0 relever dans leur secteur dans le cadre de la Strat\u00e9gie \u00e9nerg\u00e9tique\u00a02050, l\u2019objectif climatique z\u00e9ro \u00e9mission nette, la s\u00e9curit\u00e9 d\u2019approvisionnement et la pr\u00e9servation de la biodiversit\u00e9. Elle avait d\u00e9bouch\u00e9 sur l\u2019\u00e9tablissement d\u2019une liste de projets hydro\u00e9lectriques \u00e0 d\u00e9velopper. Cependant, le Conseil f\u00e9d\u00e9ral a annonc\u00e9 en ao\u00fbt\u00a02025 que les 16\u00a0projets en question ne permettraient probablement de g\u00e9n\u00e9rer que 1100\u00a0GWh d\u2019ici 2040.<\/p>\n<h2 class=\"text__graphic-title\">De nombreux renouvellements de concessions \u00e0 venir<\/h2>\n<p>Au d\u00e9fi pos\u00e9 par le d\u00e9veloppement de l\u2019hydro\u00e9lectricit\u00e9 s\u2019ajoute la probl\u00e9matique de l\u2019entretien des installations hydrauliques existantes. Ces derni\u00e8res sont exploit\u00e9es dans le cadre de concessions d\u2019une dur\u00e9e maximale de 80\u00a0ans, dont bon nombre seront \u00e0 renouveler dans les prochaines ann\u00e9es. Il incombera alors aux conc\u00e9dants, les cantons et les communes, de d\u00e9cider du maintien ou non en activit\u00e9 de ces installations, des exigences environnementales qu\u2019il leur faut respecter et de la structure de leur propri\u00e9t\u00e9.<\/p>\n<p>Dans bien des cas, les cantons aspirent \u00e0 d\u00e9tenir une participation directe encore plus importante dans les centrales \u00e9lectriques. Jusqu\u2019\u00e0 pr\u00e9sent, ils ont surtout profit\u00e9 des redevances hydrauliques que leurs exploitants doivent verser en contrepartie de l\u2019utilisation des eaux publiques, sachant que celles-ci rapportent chaque ann\u00e9e plus de 500\u00a0millions de francs aux cantons et aux communes de montagne. Le renouvellement des concessions offre aussi l\u2019occasion de moderniser les installations, afin qu\u2019elles puissent continuer de contribuer \u00e0 la s\u00e9curit\u00e9 d\u2019approvisionnement de la Suisse.<\/p>","protected":false},"excerpt":{"rendered":"<p>La Suisse jouit de conditions tr\u00e8s favorables pour l\u2019exploitation de l\u2019\u00e9nergie hydraulique. Dans les Alpes et les Pr\u00e9alpes, les pr\u00e9cipitations apportent en moyenne 2000\u00a0mm d\u2019eau par an. En d\u2019autres termes, si l\u2019eau ne s\u2019\u00e9vacuait ou ne s\u2019\u00e9vaporait pas, elle y atteindrait un niveau de 2\u00a0m\u00e8tres au bout d\u2019une ann\u00e9e. Certaines r\u00e9gions, comme l\u2019Oberhasli bernois, o\u00f9 [&hellip;]<\/p>","protected":false},"author":13806,"featured_media":216132,"comment_status":"open","ping_status":"open","sticky":false,"template":"","format":"standard","meta":{"_acf_changed":false,"om_disable_all_campaigns":false,"ep_exclude_from_search":false,"footnotes":""},"post__type":[81,83],"post_opinion":[],"post_serie":[],"post_content_category":[105],"post_content_subject":[135,199],"acf":{"seco_author":13806,"seco_co_author":"","author_override":"","seco_author_post_ocupation_year":"","seco_author_post_occupation_de":"Leiter Wasserkraft, Bundesamt f\u00fcr Energie (BFE), Ittigen BE","seco_author_post_occupation_fr":"Chef de la section Force hydraulique, Office f\u00e9d\u00e9ral de l\u2019\u00e9nergie (Ofen), Ittigen (BE)","seco_co_authors_post_ocupation":null,"short_title":"","post_lead":"Dans les ann\u00e9es 1960, l\u2019\u00e9lectricit\u00e9 produite en Suisse \u00e9tait presque enti\u00e8rement hydraulique. Aujourd\u2019hui, l\u2019hydro\u00e9lectricit\u00e9 repr\u00e9sente encore 60% de la production nationale de courant. Bien que sa part continue de diminuer en raison de la transition \u00e9nerg\u00e9tique, son r\u00f4le demeure crucial.","post_hero_image_description":"La salle des g\u00e9n\u00e9rateurs de la centrale \u00e9lectrique de Zervreila (canton des Grisons). L\u2019\u00e9nergie hydraulique du lac de retenue \u00e9ponyme est transform\u00e9e en \u00e9lectricit\u00e9. ","post_hero_image_description_copyright_de":"","post_hero_image_description_copyright_fr":"Keystone","post_references_literature":"","post_kasten":null,"post_notes_for_print":"","first_teaser_header_de":"","first_teaser_header_fr":"","first_teaser_text_de":"","first_teaser_text_fr":"","second_teaser_header_de":"","second_teaser_header_fr":"","second_teaser_text_de":"","second_teaser_text_fr":"","kseason_de":"","kseason_fr":"","post_in_pdf":"","main_focus":[215506,215508],"serie_email":"","frontpage_slider_bild":"","artikel_bild-slider":null,"legacy_id":"","post_abstract":"","magazine_issue":null,"seco_author_reccomended_post":"","redaktoren":"","korrektor":"","planned_publication_date":"2025-12-09 05:50:10","original_files":null,"external_release_for_author":null,"external_release_for_author_time":"","link_for_external_authors":"https:\/\/dievolkswirtschaft.ch\/fr\/exedit\/6908d122afbeb"},"_links":{"self":[{"href":"https:\/\/dievolkswirtschaft.ch\/fr\/wp-json\/wp\/v2\/posts\/215052"}],"collection":[{"href":"https:\/\/dievolkswirtschaft.ch\/fr\/wp-json\/wp\/v2\/posts"}],"about":[{"href":"https:\/\/dievolkswirtschaft.ch\/fr\/wp-json\/wp\/v2\/types\/post"}],"author":[{"embeddable":true,"href":"https:\/\/dievolkswirtschaft.ch\/fr\/wp-json\/wp\/v2\/users\/13806"}],"replies":[{"embeddable":true,"href":"https:\/\/dievolkswirtschaft.ch\/fr\/wp-json\/wp\/v2\/comments?post=215052"}],"version-history":[{"count":12,"href":"https:\/\/dievolkswirtschaft.ch\/fr\/wp-json\/wp\/v2\/posts\/215052\/revisions"}],"predecessor-version":[{"id":216184,"href":"https:\/\/dievolkswirtschaft.ch\/fr\/wp-json\/wp\/v2\/posts\/215052\/revisions\/216184"}],"acf:post":[{"embeddable":true,"href":"https:\/\/dievolkswirtschaft.ch\/fr\/wp-json\/wp\/v2\/main_focus_post\/215508"},{"embeddable":true,"href":"https:\/\/dievolkswirtschaft.ch\/fr\/wp-json\/wp\/v2\/main_focus_post\/215506"}],"acf:user":[{"embeddable":true,"href":"https:\/\/dievolkswirtschaft.ch\/fr\/wp-json\/wp\/v2\/users\/13806"}],"wp:featuredmedia":[{"embeddable":true,"href":"https:\/\/dievolkswirtschaft.ch\/fr\/wp-json\/wp\/v2\/media\/216132"}],"wp:attachment":[{"href":"https:\/\/dievolkswirtschaft.ch\/fr\/wp-json\/wp\/v2\/media?parent=215052"}],"wp:term":[{"taxonomy":"post__type","embeddable":true,"href":"https:\/\/dievolkswirtschaft.ch\/fr\/wp-json\/wp\/v2\/post__type?post=215052"},{"taxonomy":"post_opinion","embeddable":true,"href":"https:\/\/dievolkswirtschaft.ch\/fr\/wp-json\/wp\/v2\/post_opinion?post=215052"},{"taxonomy":"post_serie","embeddable":true,"href":"https:\/\/dievolkswirtschaft.ch\/fr\/wp-json\/wp\/v2\/post_serie?post=215052"},{"taxonomy":"post_content_category","embeddable":true,"href":"https:\/\/dievolkswirtschaft.ch\/fr\/wp-json\/wp\/v2\/post_content_category?post=215052"},{"taxonomy":"post_content_subject","embeddable":true,"href":"https:\/\/dievolkswirtschaft.ch\/fr\/wp-json\/wp\/v2\/post_content_subject?post=215052"}],"curies":[{"name":"wp","href":"https:\/\/api.w.org\/{rel}","templated":true}]}}