{"id":215125,"date":"2025-11-27T07:00:02","date_gmt":"2025-11-27T06:00:02","guid":{"rendered":"https:\/\/dievolkswirtschaft.ch\/?p=215125"},"modified":"2025-11-27T11:16:40","modified_gmt":"2025-11-27T10:16:40","slug":"quelles-sont-les-consequences-dune-dette-publique-elevee","status":"publish","type":"post","link":"https:\/\/dievolkswirtschaft.ch\/fr\/2025\/11\/quelles-sont-les-consequences-dune-dette-publique-elevee\/","title":{"rendered":"Quelles sont les cons\u00e9quences d\u2019une dette publique \u00e9lev\u00e9e?"},"content":{"rendered":"<div class=\"content-copy-questions\">Pourquoi les \u00c9tats s\u2019endettent-ils?<\/div>\n<p>La dette publique peut se justifier par une bonne comme par une mauvaise raison. La bonne raison est que l\u2019endettement permet de r\u00e9partir les d\u00e9penses publiques sur plusieurs ann\u00e9es. La mauvaise, c\u2019est que la dette publique sert \u00e0 dissimuler des d\u00e9penses qui devraient \u00eatre financ\u00e9es en toute transparence par les imp\u00f4ts. Dans les pays d\u00e9velopp\u00e9s, la dette publique est fond\u00e9e avant tout sur la deuxi\u00e8me raison.<\/p>\n<div class=\"content-copy-questions\">La France doit engager des r\u00e9formes afin de ma\u00eetriser ses finances publiques, fortement endett\u00e9es. Que se passerait-il si elle n\u2019y parvenait pas?<\/div>\n<p>Les primes de risque augmenteraient et la charge d\u2019int\u00e9r\u00eats s\u2019alourdirait. Comme une crise de la dette fran\u00e7aise serait synonyme d\u2019une crise de l\u2019euro, la Banque centrale europ\u00e9enne interviendrait probablement de nouveau massivement sur les march\u00e9s financiers. L\u2019effet disciplinant des march\u00e9s continuerait de s\u2019affaiblir, tout comme l\u2019euro \u00e0 moyen terme.<\/p>\n<div class=\"content-copy-questions\">Le taux d\u2019endettement, soit le ratio entre la dette et le produit int\u00e9rieur brut, est-il un indicateur pertinent de solvabilit\u00e9? Un taux \u00e9lev\u00e9 ne signifie pas automatiquement qu\u2019un \u00c9tat n\u2019est pas solvable, comme le montre l\u2019exemple du Japon dont le taux d\u2019endettement d\u00e9passe 200%.<\/div>\n<p>Le taux d\u2019endettement ne suffit pas pour d\u00e9terminer si un \u00c9tat est capable de supporter sa dette, c\u2019est-\u00e0-dire s\u2019il est en mesure de la financer et d\u2019en assurer le service \u00e0 long terme. Il faut \u00e9galement \u00e9valuer sa capacit\u00e9 \u00e0 se r\u00e9former, ainsi que ses perspectives de croissance et l\u2019\u00e9volution des taux d\u2019int\u00e9r\u00eats. Le taux d\u2019endettement est toutefois r\u00e9v\u00e9lateur de la vuln\u00e9rabilit\u00e9 d\u2019un pays: plus il est \u00e9lev\u00e9, plus la capacit\u00e9 d\u2019un pays \u00e0 financer sa dette est susceptible d\u2019\u00eatre affect\u00e9e par les variations des facteurs que je viens de mentionner.<\/p>\n<p><span class=\"content-quotes\">Le programme d\u2019all\u00e8gement budg\u00e9taire ne fait que freiner la croissance des d\u00e9penses.<\/span><\/p>\n<div class=\"content-copy-questions\">Les \u00c9tats-Unis affichent une dette publique record, qui atteignait 120% du PIB fin 2024. Quelles seront les cons\u00e9quences du plus long <em>shutdown<\/em> de l\u2019histoire du pays?<\/div>\n<p>Le <em>shutdown<\/em> n\u2019aura gu\u00e8re d\u2019impact sur l\u2019\u00e9conomie, mais il d\u00e9montre l\u2019incapacit\u00e9 de la classe politique \u00e0 agir. Si elle dure trop longtemps, ce blocage budg\u00e9taire peut saper la confiance dans les institutions et le dollar. N\u2019oublions pas toutefois que les \u00c9tats-Unis ont toujours fait preuve d\u2019une grande r\u00e9silience.<\/p>\n<div class=\"content-copy-questions\">Le Fonds mon\u00e9taire international estime que la dette publique mondiale devrait d\u00e9passer 100% du PIB en 2029. L\u2019exemple de la France montre que l\u2019endettement nuit \u00e0 la stabilit\u00e9 politique. Comment analysez-vous la crise mondiale de la dette sous l\u2019angle politique?<\/div>\n<p>Il est \u00e9vident que les responsables politiques sont incit\u00e9s \u00e0 recourir autant que possible \u00e0 l\u2019emprunt. Toutefois, rien ne justifie cette pratique d\u2019un point de vue \u00e9conomique. Il incombe finalement au corps \u00e9lectoral d\u2019exiger des responsables politiques qu\u2019ils fassent preuve d\u2019une plus grande discipline budg\u00e9taire et de transparence. Ce constat est \u00e9galement valable pour la Suisse, o\u00f9 beaucoup oublient que nos syst\u00e8mes sociaux rec\u00e8lent un d\u00e9ficit massif qui p\u00e8sera lourdement sur les g\u00e9n\u00e9rations futures. Or, \u00e0 la diff\u00e9rence d\u2019autres pays, toute modification l\u00e9gislative requiert l\u2019approbation du peuple suisse.<\/p>\n<div class=\"content-copy-questions\">Le programme d\u2019all\u00e8gement budg\u00e9taire\u00a02027 est-il trop strict \u00e9tant donn\u00e9 le faible niveau d\u2019endettement de la Suisse en comparaison internationale?<\/div>\n<p>Ce programme ne fait que freiner la croissance des d\u00e9penses. \u00c0 mon avis, il est insuffisant.\u00a0La Suisse devrait se concentrer sur les t\u00e2ches essentielles de l\u2019\u00c9tat: la protection de l\u2019ind\u00e9pendance, de la libert\u00e9 et de la propri\u00e9t\u00e9. Cela permettrait de r\u00e9duire les d\u00e9penses publiques et, surtout, de les r\u00e9partir diff\u00e9remment.<\/p>\n<p>&nbsp;<\/p>\n<div id=\"posts-content\" class=\"elementor-element elementor-element-4ada75a8 elementor-widget elementor-widget-theme-post-content\" data-id=\"4ada75a8\" data-element_type=\"widget\" data-widget_type=\"theme-post-content.default\">\n<div class=\"elementor-widget-container\">\n<div id=\"posts-content\" class=\"elementor-element elementor-element-4ada75a8 elementor-widget elementor-widget-theme-post-content\" data-id=\"4ada75a8\" data-element_type=\"widget\" data-widget_type=\"theme-post-content.default\">\n<div class=\"elementor-widget-container\">\n<p><em>Propos recueillis par \u00abLa Vie \u00e9conomique\u00bb<\/em><\/p>\n<\/div>\n<\/div>\n<\/div>\n<\/div>\n<div class=\"elementor-element elementor-element-434a7da4 elementor-widget elementor-widget-spacer\" data-id=\"434a7da4\" data-element_type=\"widget\" data-widget_type=\"spacer.default\">\n<div class=\"elementor-widget-container\">\n<div class=\"elementor-spacer\"><\/div>\n<\/div>\n<\/div>","protected":false},"excerpt":{"rendered":"<p>Pourquoi les \u00c9tats s\u2019endettent-ils? La dette publique peut se justifier par une bonne comme par une mauvaise raison. La bonne raison est que l\u2019endettement permet de r\u00e9partir les d\u00e9penses publiques sur plusieurs ann\u00e9es. La mauvaise, c\u2019est que la dette publique sert \u00e0 dissimuler des d\u00e9penses qui devraient \u00eatre financ\u00e9es en toute transparence par les imp\u00f4ts. [&hellip;]<\/p>","protected":false},"author":13812,"featured_media":215745,"comment_status":"open","ping_status":"open","sticky":false,"template":"","format":"standard","meta":{"_acf_changed":false,"om_disable_all_campaigns":false,"ep_exclude_from_search":false,"footnotes":""},"post__type":[80],"post_opinion":[227],"post_serie":[],"post_content_category":[105],"post_content_subject":[189],"acf":{"seco_author":13812,"seco_co_author":"","author_override":"","seco_author_post_ocupation_year":"","seco_author_post_occupation_de":"Dr. oec., Leiterin Verm\u00f6gensverwaltung, Ecofin, Z\u00fcrich","seco_author_post_occupation_fr":"","seco_co_authors_post_ocupation":null,"short_title":"","post_lead":"","post_hero_image_description":"Le b\u00e2timent des Archives nationales \u00e0 Washington a \u00e9t\u00e9 ferm\u00e9 pendant plusieurs semaines cette ann\u00e9e, lors du plus long <i>shutdown<\/i> de l\u2019histoire des \u00c9tats-Unis. ","post_hero_image_description_copyright_de":"","post_hero_image_description_copyright_fr":"Keystone","post_references_literature":"","post_kasten":[{"kasten_title":"L'interview\u00e9e","kasten_box":"<a href=\"https:\/\/dievolkswirtschaft.ch\/content\/uploads\/2025\/11\/Janssen_Alexandra-300x201.jpg\"><img class=\"alignnone size-medium wp-image-215563\" src=\"https:\/\/dievolkswirtschaft.ch\/content\/uploads\/2025\/11\/Janssen_Alexandra-300x201.jpg\" alt=\"\" width=\"300\" height=\"201\" \/><\/a>\r\n\r\nAlexandra Janssen est responsable de la Gestion de fortune chez Ecofin"}],"post_notes_for_print":"","first_teaser_header_de":"","first_teaser_header_fr":"","first_teaser_text_de":"","first_teaser_text_fr":"","second_teaser_header_de":"","second_teaser_header_fr":"","second_teaser_text_de":"","second_teaser_text_fr":"","kseason_de":"","kseason_fr":"","post_in_pdf":"","main_focus":"","serie_email":"","frontpage_slider_bild":"","artikel_bild-slider":null,"legacy_id":"","post_abstract":"","magazine_issue":null,"seco_author_reccomended_post":"","redaktoren":"","korrektor":"","planned_publication_date":"2025-11-27 06:00:01","original_files":null,"external_release_for_author":null,"external_release_for_author_time":"","link_for_external_authors":"https:\/\/dievolkswirtschaft.ch\/fr\/exedit\/690b36a346165"},"_links":{"self":[{"href":"https:\/\/dievolkswirtschaft.ch\/fr\/wp-json\/wp\/v2\/posts\/215125"}],"collection":[{"href":"https:\/\/dievolkswirtschaft.ch\/fr\/wp-json\/wp\/v2\/posts"}],"about":[{"href":"https:\/\/dievolkswirtschaft.ch\/fr\/wp-json\/wp\/v2\/types\/post"}],"author":[{"embeddable":true,"href":"https:\/\/dievolkswirtschaft.ch\/fr\/wp-json\/wp\/v2\/users\/13812"}],"replies":[{"embeddable":true,"href":"https:\/\/dievolkswirtschaft.ch\/fr\/wp-json\/wp\/v2\/comments?post=215125"}],"version-history":[{"count":13,"href":"https:\/\/dievolkswirtschaft.ch\/fr\/wp-json\/wp\/v2\/posts\/215125\/revisions"}],"predecessor-version":[{"id":215802,"href":"https:\/\/dievolkswirtschaft.ch\/fr\/wp-json\/wp\/v2\/posts\/215125\/revisions\/215802"}],"acf:user":[{"embeddable":true,"href":"https:\/\/dievolkswirtschaft.ch\/fr\/wp-json\/wp\/v2\/users\/13812"}],"wp:featuredmedia":[{"embeddable":true,"href":"https:\/\/dievolkswirtschaft.ch\/fr\/wp-json\/wp\/v2\/media\/215745"}],"wp:attachment":[{"href":"https:\/\/dievolkswirtschaft.ch\/fr\/wp-json\/wp\/v2\/media?parent=215125"}],"wp:term":[{"taxonomy":"post__type","embeddable":true,"href":"https:\/\/dievolkswirtschaft.ch\/fr\/wp-json\/wp\/v2\/post__type?post=215125"},{"taxonomy":"post_opinion","embeddable":true,"href":"https:\/\/dievolkswirtschaft.ch\/fr\/wp-json\/wp\/v2\/post_opinion?post=215125"},{"taxonomy":"post_serie","embeddable":true,"href":"https:\/\/dievolkswirtschaft.ch\/fr\/wp-json\/wp\/v2\/post_serie?post=215125"},{"taxonomy":"post_content_category","embeddable":true,"href":"https:\/\/dievolkswirtschaft.ch\/fr\/wp-json\/wp\/v2\/post_content_category?post=215125"},{"taxonomy":"post_content_subject","embeddable":true,"href":"https:\/\/dievolkswirtschaft.ch\/fr\/wp-json\/wp\/v2\/post_content_subject?post=215125"}],"curies":[{"name":"wp","href":"https:\/\/api.w.org\/{rel}","templated":true}]}}