{"id":216091,"date":"2025-12-17T07:00:40","date_gmt":"2025-12-17T06:00:40","guid":{"rendered":"https:\/\/dievolkswirtschaft.ch\/?p=216091"},"modified":"2025-12-17T10:13:15","modified_gmt":"2025-12-17T09:13:15","slug":"leurope-doit-elle-reintroduire-un-impot-sur-la-fortune","status":"publish","type":"post","link":"https:\/\/dievolkswirtschaft.ch\/fr\/2025\/12\/leurope-doit-elle-reintroduire-un-impot-sur-la-fortune\/","title":{"rendered":"L\u2019Europe doit-elle r\u00e9introduire un imp\u00f4t sur la fortune?"},"content":{"rendered":"<div class=\"content-copy-questions\">En France, l\u2019imp\u00f4t sur la fortune revient sur le devant de la sc\u00e8ne en raison de la dette publique \u00e9lev\u00e9e. Pourquoi le pays a-t-il supprim\u00e9 cet imp\u00f4t en 2017?<\/div>\n<p>La France a remplac\u00e9 l\u2019imp\u00f4t sur la fortune par un imp\u00f4t sur le patrimoine immobilier. Cette mesure devait stimuler les investissements et faire revenir les exil\u00e9s fiscaux. Mais, \u00e0 ce jour, rien ne prouve que cette r\u00e9forme, qui a entra\u00een\u00e9 une perte de recettes estim\u00e9e \u00e0 4,5 milliards d\u2019euros par an, a \u00e9t\u00e9 efficace.<\/p>\n<div class=\"content-copy-questions\">En Europe, seules la Suisse, la Norv\u00e8ge et l\u2019Espagne pr\u00e9l\u00e8vent actuellement un imp\u00f4t sur la fortune, tandis que, dans les ann\u00e9es 1990, plus de 10 pays europ\u00e9ens l\u2019appliquaient. Comment en est-on arriv\u00e9 \u00e0 cette suppression?<\/div>\n<p>L\u2019imp\u00f4t sur la fortune rapportait g\u00e9n\u00e9ralement moins de 1% des recettes publiques, en raison notamment des exemptions et des failles du syst\u00e8me. En revanche, la charge administrative qu\u2019il repr\u00e9sentait \u00e9tait jug\u00e9e tr\u00e8s \u00e9lev\u00e9e. Dans certains cas, les tribunaux percevaient cet imp\u00f4t, car des \u00e9valuations divergentes, par exemple entre les biens immobiliers et les actifs financiers, contribuaient \u00e0 une in\u00e9galit\u00e9 de traitement fiscal.<\/p>\n<div class=\"content-copy-questions\">En quoi la situation est-elle diff\u00e9rente en Suisse?<\/div>\n<p>En Suisse, l\u2019assiette fiscale est tr\u00e8s large et exempte de d\u00e9rogation, tandis que les taux sont bas. L\u2019imp\u00f4t sur la fortune repr\u00e9sente 4% des recettes de l\u2019\u00c9tat. La sous-estimation fiscale des immeubles est une volont\u00e9 politique visant \u00e0 encourager l\u2019accession \u00e0 la propri\u00e9t\u00e9.<\/p>\n<p>&nbsp;<\/p>\n<p><span class=\"content-quotes\">Partout dans le monde, la question de l\u2019in\u00e9galit\u00e9 de la fortune est au c\u0153ur des pr\u00e9occupations politiques<\/span><\/p>\n<p>&nbsp;<\/p>\n<div class=\"content-copy-questions\">D\u2019autres pays que la France envisagent-ils de r\u00e9introduire l\u2019imp\u00f4t sur la fortune?<\/div>\n<p>Partout dans le monde, la question de l\u2019in\u00e9galit\u00e9 de la fortune est au c\u0153ur des pr\u00e9occupations politiques, car elle s\u2019est accentu\u00e9e et d\u00e9passe d\u00e9sormais l\u2019in\u00e9galit\u00e9 des revenus. Aux \u00c9tats-Unis, mais aussi dans d\u2019autres pays, l\u2019influence des super-riches sur la politique et les m\u00e9dias est manifeste, ce qui n\u2019est pas sans poser des probl\u00e8mes dans un syst\u00e8me d\u00e9mocratique. Toutefois, certains pays europ\u00e9ens imposaient d\u00e9j\u00e0 la fortune il y a encore une vingtaine d\u2019ann\u00e9es et la question d\u2019introduire ou de r\u00e9introduire l\u2019imp\u00f4t sur la fortune est d\u00e9battue actuellement en Allemagne et en Autriche, tandis que l\u2019Italie envisage d\u2019\u00e9tendre l\u2019imp\u00f4t sur les immeubles \u00e0 l\u2019ensemble de la fortune nette. La Commission europ\u00e9enne a command\u00e9 un rapport complet examinant tous les types d\u2019imp\u00f4t sur la fortune et les revenus qui en d\u00e9coulent. De son c\u00f4t\u00e9, le Parlement europ\u00e9en \u00e9tudie les options qui permettraient d\u2019accro\u00eetre la coordination entre les \u00c9tats membres en mati\u00e8re d\u2019imposition de la fortune et des successions.<\/p>\n<div class=\"content-copy-questions\">En Suisse, l\u2019imp\u00f4t sur la fortune est per\u00e7u par les cantons. Ne permet-il donc pas de r\u00e9duire la dette au niveau f\u00e9d\u00e9ral?<\/div>\n<p>Effectivement.<\/p>\n<div class=\"content-copy-questions\">L\u2019imp\u00f4t sur la fortune contribue-t-il \u00e0 une plus grande justice fiscale et au financement du bien commun?<\/div>\n<p>Oui, car l\u2019imp\u00f4t sur la fortune permet d\u2019\u00e9viter que la progression de l\u2019imp\u00f4t sur le revenu ne soit rompue. Les personnes ais\u00e9es peuvent assez facilement structurer leurs revenus de mani\u00e8re \u00e0 \u00eatre moins ou pas du tout impos\u00e9es, par exemple en b\u00e9n\u00e9ficiant de l\u2019imposition avantageuse des dividendes ou en fondant une soci\u00e9t\u00e9 holding. L\u2019imp\u00f4t sur la fortune a un effet compensatoire: il fait en sorte que la charge fiscale des riches ne soit pas inf\u00e9rieure \u00e0 celle de la classe moyenne.<\/p>\n<p>&nbsp;<\/p>\n<div id=\"posts-content\" class=\"elementor-element elementor-element-4ada75a8 elementor-widget elementor-widget-theme-post-content\" data-id=\"4ada75a8\" data-element_type=\"widget\" data-widget_type=\"theme-post-content.default\">\n<div class=\"elementor-widget-container\">\n<div id=\"posts-content\" class=\"elementor-element elementor-element-4ada75a8 elementor-widget elementor-widget-theme-post-content\" data-id=\"4ada75a8\" data-element_type=\"widget\" data-widget_type=\"theme-post-content.default\">\n<div class=\"elementor-widget-container\">\n<div id=\"posts-content\" class=\"elementor-element elementor-element-4ada75a8 elementor-widget elementor-widget-theme-post-content\" data-id=\"4ada75a8\" data-element_type=\"widget\" data-widget_type=\"theme-post-content.default\">\n<div class=\"elementor-widget-container\">\n<p><em>Propos recueillis par \u00abLa Vie \u00e9conomique\u00bb<\/em><\/p>\n<\/div>\n<\/div>\n<\/div>\n<\/div>\n<div class=\"elementor-element elementor-element-434a7da4 elementor-widget elementor-widget-spacer\" data-id=\"434a7da4\" data-element_type=\"widget\" data-widget_type=\"spacer.default\">\n<div class=\"elementor-widget-container\">\n<div class=\"elementor-spacer\"><\/div>\n<\/div>\n<\/div>\n<\/div>\n<\/div>\n<div class=\"elementor-element elementor-element-434a7da4 elementor-widget elementor-widget-spacer\" data-id=\"434a7da4\" data-element_type=\"widget\" data-widget_type=\"spacer.default\">\n<div class=\"elementor-widget-container\">\n<div class=\"elementor-spacer\"><\/div>\n<\/div>\n<\/div>","protected":false},"excerpt":{"rendered":"<p>En France, l\u2019imp\u00f4t sur la fortune revient sur le devant de la sc\u00e8ne en raison de la dette publique \u00e9lev\u00e9e. Pourquoi le pays a-t-il supprim\u00e9 cet imp\u00f4t en 2017? La France a remplac\u00e9 l\u2019imp\u00f4t sur la fortune par un imp\u00f4t sur le patrimoine immobilier. Cette mesure devait stimuler les investissements et faire revenir les exil\u00e9s [&hellip;]<\/p>","protected":false},"author":13890,"featured_media":216548,"comment_status":"open","ping_status":"open","sticky":false,"template":"","format":"standard","meta":{"_acf_changed":false,"om_disable_all_campaigns":false,"ep_exclude_from_search":false,"footnotes":""},"post__type":[80],"post_opinion":[227],"post_serie":[],"post_content_category":[105],"post_content_subject":[200],"acf":{"seco_author":13890,"seco_co_author":"","author_override":"","seco_author_post_ocupation_year":"","seco_author_post_occupation_de":"","seco_author_post_occupation_fr":"","seco_co_authors_post_ocupation":null,"short_title":"","post_lead":"","post_hero_image_description":"Le d\u00e9bat sur l\u2019imp\u00f4t sur la fortune a \u00e9t\u00e9 relanc\u00e9 en France.","post_hero_image_description_copyright_de":"","post_hero_image_description_copyright_fr":"Keystone","post_references_literature":"","post_kasten":[{"kasten_title":"L'interview\u00e9e","kasten_box":"<a href=\"https:\/\/dievolkswirtschaft.ch\/content\/uploads\/2025\/12\/Martinez_Isabel-300x166.jpg\"><img class=\"size-medium wp-image-216196\" src=\"https:\/\/dievolkswirtschaft.ch\/content\/uploads\/2025\/12\/Martinez_Isabel-300x166.jpg\" alt=\"\" width=\"300\" height=\"166\" \/><\/a>\r\n\r\nIsabel Mart\u00ednez est responsable de la section Distribution et finances publiques, Centre de recherches conjoncturelles (KOF) de l\u2019\u00c9cole polytechnique f\u00e9d\u00e9rale de Zurich (EPFZ)"}],"post_notes_for_print":"","first_teaser_header_de":"","first_teaser_header_fr":"","first_teaser_text_de":"","first_teaser_text_fr":"","second_teaser_header_de":"","second_teaser_header_fr":"","second_teaser_text_de":"","second_teaser_text_fr":"","kseason_de":"","kseason_fr":"","post_in_pdf":"","main_focus":"","serie_email":"","frontpage_slider_bild":"","artikel_bild-slider":null,"legacy_id":"","post_abstract":"","magazine_issue":null,"seco_author_reccomended_post":"","redaktoren":"","korrektor":"","planned_publication_date":"2025-12-17 06:00:29","original_files":null,"external_release_for_author":null,"external_release_for_author_time":"","link_for_external_authors":"https:\/\/dievolkswirtschaft.ch\/fr\/exedit\/693170e09eb7f"},"_links":{"self":[{"href":"https:\/\/dievolkswirtschaft.ch\/fr\/wp-json\/wp\/v2\/posts\/216091"}],"collection":[{"href":"https:\/\/dievolkswirtschaft.ch\/fr\/wp-json\/wp\/v2\/posts"}],"about":[{"href":"https:\/\/dievolkswirtschaft.ch\/fr\/wp-json\/wp\/v2\/types\/post"}],"author":[{"embeddable":true,"href":"https:\/\/dievolkswirtschaft.ch\/fr\/wp-json\/wp\/v2\/users\/13890"}],"replies":[{"embeddable":true,"href":"https:\/\/dievolkswirtschaft.ch\/fr\/wp-json\/wp\/v2\/comments?post=216091"}],"version-history":[{"count":23,"href":"https:\/\/dievolkswirtschaft.ch\/fr\/wp-json\/wp\/v2\/posts\/216091\/revisions"}],"predecessor-version":[{"id":216520,"href":"https:\/\/dievolkswirtschaft.ch\/fr\/wp-json\/wp\/v2\/posts\/216091\/revisions\/216520"}],"acf:user":[{"embeddable":true,"href":"https:\/\/dievolkswirtschaft.ch\/fr\/wp-json\/wp\/v2\/users\/13890"}],"wp:featuredmedia":[{"embeddable":true,"href":"https:\/\/dievolkswirtschaft.ch\/fr\/wp-json\/wp\/v2\/media\/216548"}],"wp:attachment":[{"href":"https:\/\/dievolkswirtschaft.ch\/fr\/wp-json\/wp\/v2\/media?parent=216091"}],"wp:term":[{"taxonomy":"post__type","embeddable":true,"href":"https:\/\/dievolkswirtschaft.ch\/fr\/wp-json\/wp\/v2\/post__type?post=216091"},{"taxonomy":"post_opinion","embeddable":true,"href":"https:\/\/dievolkswirtschaft.ch\/fr\/wp-json\/wp\/v2\/post_opinion?post=216091"},{"taxonomy":"post_serie","embeddable":true,"href":"https:\/\/dievolkswirtschaft.ch\/fr\/wp-json\/wp\/v2\/post_serie?post=216091"},{"taxonomy":"post_content_category","embeddable":true,"href":"https:\/\/dievolkswirtschaft.ch\/fr\/wp-json\/wp\/v2\/post_content_category?post=216091"},{"taxonomy":"post_content_subject","embeddable":true,"href":"https:\/\/dievolkswirtschaft.ch\/fr\/wp-json\/wp\/v2\/post_content_subject?post=216091"}],"curies":[{"name":"wp","href":"https:\/\/api.w.org\/{rel}","templated":true}]}}