{"id":216697,"date":"2026-03-19T07:00:04","date_gmt":"2026-03-19T06:00:04","guid":{"rendered":"https:\/\/dievolkswirtschaft.ch\/?p=216697"},"modified":"2026-03-23T15:19:56","modified_gmt":"2026-03-23T14:19:56","slug":"de-nouvelles-impulsions-au-commerce-mondial-fonde-sur-des-regles","status":"publish","type":"post","link":"https:\/\/dievolkswirtschaft.ch\/fr\/2026\/03\/de-nouvelles-impulsions-au-commerce-mondial-fonde-sur-des-regles\/","title":{"rendered":"De nouvelles impulsions au commerce mondial fond\u00e9 sur des r\u00e8gles"},"content":{"rendered":"<p>Les droits de douane am\u00e9ricains, les restrictions chinoises \u00e0 l\u2019exportation de terres rares ou la pression \u00e9conomique exerc\u00e9e \u00e0 des fins g\u00e9opolitiques mettent \u00e0 rude \u00e9preuve le syst\u00e8me commercial international fond\u00e9 sur des r\u00e8gles. L\u2019ouverture des march\u00e9s et la fiabilit\u00e9 des r\u00e8gles commerciales ont longtemps constitu\u00e9 le fondement de la croissance \u00e9conomique mondiale. Les petites et moyennes \u00e9conomies, en particulier, ont besoin de r\u00e8gles claires afin de rester comp\u00e9titives dans une \u00e9conomie mondiale interconnect\u00e9e et de ne pas \u00eatre p\u00e9nalis\u00e9es par des barri\u00e8res commerciales arbitraires.<\/p>\n<p>Parall\u00e8lement, la confiance dans les institutions multilat\u00e9rales classiques telles que l\u2019Organisation mondiale du commerce (OMC) s\u2019\u00e9rode car les r\u00e9formes s\u2019y heurtent souvent \u00e0 des blocages d\u00e9cisionnels. Pourtant, dans le bras de fer qui oppose les grandes puissances et sous l\u2019effet de tendances protectionnistes, on oublie souvent deux choses: premi\u00e8rement, 72% du commerce mondial suit encore les r\u00e8gles fix\u00e9es en commun dans le cadre de l\u2019OMC et, deuxi\u00e8mement, la grande majorit\u00e9 des pays a int\u00e9r\u00eat \u00e0 ce que le syst\u00e8me commercial fond\u00e9 sur des r\u00e8gles continue de pr\u00e9valoir.<\/p>\n<h2 class=\"text__graphic-title\">Les raisons d\u2019une nouvelle initiative<\/h2>\n<p>Compte tenu de ces consid\u00e9rations, la Suisse s\u2019est associ\u00e9e \u00e0 la Nouvelle-Z\u00e9lande, \u00e0 Singapour et aux \u00c9mirats arabes unis pourlancer en septembre 2025 l\u2019initiative \u00abFuture of Investment and Trade Partnership (FITP)\u00bb. R\u00e9unissant de petites et moyennes \u00e9conomies d\u00e9fendant un commerce ouvert, ce partenariat plurilat\u00e9ral s\u2019est fix\u00e9 pour objectif de pr\u00e9server et renforcer le syst\u00e8me commercial fond\u00e9 sur des r\u00e8gles.<\/p>\n<p>La premi\u00e8re r\u00e9union des ministres du commerce des pays membres du partenariat FIT, qui s\u2019est tenue \u00e0 Singapour en novembre\u00a02025, a donn\u00e9 lieu \u00e0 une d\u00e9claration sur la r\u00e9silience des cha\u00eenes d\u2019approvisionnement et \u00e0 un \u00e9largissement de la composition du partenariat. Actuellement, 16\u00a0\u00c9tats composent le FIT. Il s\u2019agit, outre les pays pr\u00e9cit\u00e9s, du Brunei, du Chili, du Costa Rica, de l\u2019Islande, du Liechtenstein, de la Malaisie, du Maroc, de la Norv\u00e8ge, du Panama, du Paraguay, du Rwanda et de l\u2019Uruguay (voir <em>graphique<\/em>).<\/p>\n<h2 class=\"text__graphic-title\">Les 16 \u00c9tats membres du partenariat FIT<\/h2>\n<div>\n<h6 class=\"copy-small-bold\">\u00a0GRAPHIQUE INTERACTIF<\/h6>\n<div id=\"container\" data-highcharts-chart=\"0\">\n<div id=\"highcharts-r5hqkkt-0\" class=\"highcharts-container \" dir=\"ltr\"><div id=\"container\" style=\"height:520px; min-width:320px\"><\/div>\n\n<script src=\"https:\/\/code.highcharts.com\/maps\/highmaps.js\"><\/script>\n<script>\n(async () => {\n  const topo = await fetch(\n    'https:\/\/code.highcharts.com\/mapdata\/custom\/world.topo.json'\n  ).then(r => r.json());\n\n  \/\/ Deutsche Namen\nconst namesFR = {\n    ch: 'Suisse',\n    nz: 'Nouvelle-Z\u00e9lande',\n    sg: 'Singapour',\n    ae: '\u00c9mirats arabes unis',\n    bn: 'Brunei',\n    cl: 'Chili',\n    cr: 'Costa Rica',\n    is: 'Islande',\n    li: 'Liechtenstein',\n    my: 'Malaisie',\n    ma: 'Maroc',\n    no: 'Norv\u00e8ge',\n    pa: 'Panama',\n    py: 'Paraguay',\n    rw: 'Rwanda',\n    uy: 'Uruguay'\n    };\n\n  const founders = new Set(['ch', 'nz', 'sg', 'ae']);\n  const members  = new Set(['bn','cl','cr','is','li','my','ma','no','pa','py','rw','uy']);\n\n  \/\/ Daten: [hc-key, value, name_fr]\n  \/\/ value = 2 => Gr\u00fcnder, value = 1 => Mitglied\n  const data = Object.keys(namesFR).map(k => {\n    const value = founders.has(k) ? 2 : (members.has(k) ? 1 : null);\n    return [k, value, namesFR[k]];\n  });\n\n  Highcharts.mapChart('container', {\n    chart: { map: topo },\n    title: { text: '' },\n\n    mapNavigation: {\n      enabled: true,\n      buttonOptions: { verticalAlign: 'bottom' }\n    },\n\n    legend: { enabled: true },\n\n    colorAxis: {\n      dataClasses: [\n        { from: 2, to: 2, name: 'Pays fondateurs', color: '#766ca4' },\n        { from: 1, to: 1, name: 'Pays membres',  color: '#7ea8a7' }\n      ]\n    },\n\n    series: [{\n      name: 'Pays',\n      mapData: topo,\n      data,\n      joinBy: 'hc-key',\n      keys: ['hc-key', 'value', 'name_fr'],\n\n      nullColor: '#d9d9d9',\n      borderColor: '#ffffff',\n      borderWidth: 0.5,\n\n      tooltip: {\n        pointFormatter: function () {\n          if (this.value == null) return '';\n          return `<span>${this.name_fr || this.name || ''}<\/span>`;\n        }\n      },\n\n      dataLabels: {\n        enabled: true,\n\n        \/\/ Wichtig: damit kleine L\u00e4nder NICHT \"wegoptimiert\" werden\n        allowOverlap: true,\n        crop: false,\n        overflow: 'allow',\n\n        \/\/ leicht neben das Land setzen\n        align: 'left',\n        verticalAlign: 'middle',\n        x: 6,\n        y: 0,\n\n        formatter: function () {\n          if (this.point.value == null) return '';\n          return this.point.name_fr || '';\n        },\n\n        \/\/ Lesbarkeit\n        padding: 2,\n        backgroundColor: 'rgba(255,255,255,0.8)',\n        borderRadius: 2,\n\n        style: {\n          color: '#000000',\n          fontSize: '10px',\n          fontWeight: 'normal',\n          textOutline: 'none'\n        }\n      }\n    }]\n  });\n})();\n<\/script>\n<\/div>\n<\/div>\n<\/div>\n<div class=\"diagram-legend\">Source: Seco | Graphique: La Vie \u00e9conomique<\/div>\n<h2 class=\"text__graphic-title\">L\u2019OMC n\u2019est pas en ligne de mire<\/h2>\n<p>Les membres du FITP sont convaincus que des politiques commerciales impr\u00e9visibles, la mont\u00e9e des tensions g\u00e9opolitiques et la fragmentation des march\u00e9s affaiblissent l\u2019\u00e9conomie mondiale. Des pays comme la Suisse, fortement int\u00e9gr\u00e9s dans les cha\u00eenes de valeur mondiales, voient ainsi leur croissance et leur comp\u00e9titivit\u00e9 menac\u00e9es. C\u2019est l\u00e0 qu\u2019intervient le partenariat FIT, en renfor\u00e7ant le commerce mondial fond\u00e9 sur des r\u00e8gles et en compl\u00e9tant et soutenant l\u2019OMC en tant qu\u2019institution centrale.\u00a0C&#8217;est dans ce sens que dix membres du FIT se sont r\u00e9cemment exprim\u00e9s dans une <a href=\"https:\/\/www.wbf.admin.ch\/fr\/newnsb\/ZOb8sNBseU2K4TfW6CRv1\"><u>d\u00e9claration minist\u00e9rielle<\/u><\/a>.<\/p>\n<p>L\u2019initiative doit toutefois se d\u00e9marquer des mod\u00e8les des organisations multilat\u00e9rales existantes telles que l\u2019OMC. Contrairement \u00e0 celles-ci, le FIT adopte une approche pratique et pragmatique afin de promouvoir le commerce et les investissements. Il applique notamment le principe de \u00abg\u00e9om\u00e9trie variable\u00bb qui permet de poursuivre les travaux th\u00e9matiques sans que tous les membres aient \u00e0 les soutenir, contrairement au principe du consensus en vigueur au sein de l\u2019OMC en la mati\u00e8re.<\/p>\n<h2 class=\"text__graphic-title\">Les missions du partenariat FIT<\/h2>\n<p>Le FITP doit permettre de rechercher des solutions flexibles et non bureaucratiques aux questions commerciales, notamment dans le domaine du renforcement de la r\u00e9silience des cha\u00eenes d\u2019approvisionnement, un \u00e9l\u00e9ment essentiel pour les pays membres du FITP face \u00e0 la multiplication des crises mondiales. La d\u00e9claration commune non contraignante sur les \u00abbonnes pratiques\u00bb adopt\u00e9e lors de la r\u00e9union minist\u00e9rielle de Singapour doit servir de ligne directrice aux \u00c9tats membres du partenariat afin qu\u2019ils puissent mieux se coordonner en cas de difficult\u00e9s affectant les cha\u00eenes d\u2019approvisionnement \u00e0 la suite d\u2019une crise mondiale et \u00e9viter ainsi des r\u00e9actions restreignant les \u00e9changes commerciaux. Contrairement \u00e0 ce qui s\u2019est pass\u00e9 pendant la pand\u00e9mie de Covid\u201119, les pays devraient ainsi s\u2019abstenir d\u2019imposer des restrictions \u00e0 l\u2019exportation de biens critiques en temps de crise.<\/p>\n<p>Les pays membres peuvent participer aux travaux th\u00e9matiques au sein du FITP en fonction de leurs int\u00e9r\u00eats et de leurs capacit\u00e9s. La participation \u00e0 cette initiative n\u2019entra\u00eene aucune obligation juridique, ce qui la distingue d\u2019autres d\u00e9marches comme les accords de libre-\u00e9change. Parall\u00e8lement, le FITP encourage les \u00e9changes entre les administrations publiques et le secteur priv\u00e9 afin de trouver des solutions pratiques aux d\u00e9fis du commerce mondial. Lors du Forum \u00e9conomique mondial organis\u00e9 \u00e0 Davos cette ann\u00e9e, un dialogue entre le FITP et le secteur priv\u00e9 s\u2019est ainsi amorc\u00e9 sur la mani\u00e8re de renforcer les cha\u00eenes d\u2019approvisionnement mondiales.<\/p>\n<p>D\u2019autres travaux visant \u00e0 promouvoir le commerce num\u00e9rique et le recours aux nouvelles technologies dans les \u00e9changes commerciaux sont pr\u00e9vus. Il s\u2019agit notamment d\u2019encourager la d\u00e9mat\u00e9rialisation du d\u00e9douanement et d\u2019examiner le r\u00f4le que pourrait jouer l\u2019intelligence artificielle dans les \u00e9changes de marchandises transfrontaliers. Enfin, le FIT doit servir de \u00ablaboratoire\u00bb pour tester de nouvelles id\u00e9es et de nouveaux instruments, tels que la g\u00e9om\u00e9trie variable mentionn\u00e9e pr\u00e9alablement, qui pourraient ensuite \u00eatre utilis\u00e9s avec d\u2019autres partenaires ou dans le cadre de l\u2019OMC.<\/p>\n<h2 class=\"text__graphic-title\">Les perspectives pour le commerce mondial<\/h2>\n<p>Le partenariat FIT repr\u00e9sente une approche innovante et pragmatique. \u00c0 une \u00e9poque o\u00f9 la loi du plus fort pr\u00e9vaut souvent, il est important que les \u00c9tats plus petits se coordonnent. La force du FITP r\u00e9side dans sa capacit\u00e9 \u00e0 d\u00e9velopper et \u00e0 mettre en \u0153uvre des solutions pragmatiques sans \u00eatre paralys\u00e9 par des choix politiques, des structures institutionelles obsol\u00e8tes ou une recherche de consensus \u00e0 tout prix.<\/p>\n<p>Reste \u00e0 voir si cette approche pourra contribuer durablement \u00e0 stabiliser le syst\u00e8me commercial fond\u00e9 sur des r\u00e8gles. Tout d\u00e9pendra de la r\u00e9ussite ou non des initiatives lanc\u00e9es et de la capacit\u00e9 du FITP \u00e0 rallier d\u2019autres \u00c9tats soucieux de d\u00e9fendre dans cette enceinte les principes d\u2019un commerce mondial ouvert et fond\u00e9 sur des r\u00e8gles.<\/p>\n<p>&nbsp;<\/p>","protected":false},"excerpt":{"rendered":"<p>Les droits de douane am\u00e9ricains, les restrictions chinoises \u00e0 l\u2019exportation de terres rares ou la pression \u00e9conomique exerc\u00e9e \u00e0 des fins g\u00e9opolitiques mettent \u00e0 rude \u00e9preuve le syst\u00e8me commercial international fond\u00e9 sur des r\u00e8gles. L\u2019ouverture des march\u00e9s et la fiabilit\u00e9 des r\u00e8gles commerciales ont longtemps constitu\u00e9 le fondement de la croissance \u00e9conomique mondiale. Les petites [&hellip;]<\/p>","protected":false},"author":4479,"featured_media":218887,"comment_status":"open","ping_status":"open","sticky":false,"template":"","format":"standard","meta":{"_acf_changed":false,"om_disable_all_campaigns":false,"ep_exclude_from_search":false,"footnotes":""},"post__type":[83],"post_opinion":[],"post_serie":[],"post_content_category":[106],"post_content_subject":[134],"acf":{"seco_author":4479,"seco_co_author":"","author_override":"","seco_author_post_ocupation_year":"","seco_author_post_occupation_de":"Wissenschaftlicher Mitarbeiter, Ressort Internationaler Warenverkehr, Staatssekretariat f\u00fcr Wirtschaft (Seco), Bern","seco_author_post_occupation_fr":"Collaborateur scientifique, secteur Accords de libre-\u00e9change, Secr\u00e9tariat d\u2019\u00c9tat \u00e0 l\u2019\u00e9conomie (Seco), Berne","seco_co_authors_post_ocupation":null,"short_title":"","post_lead":"Partout dans le monde, le commerce fond\u00e9 sur des r\u00e8gles fait face \u00e0 une pression de plus en plus forte. S\u2019associant \u00e0 d\u2019autres petits et moyens \u00c9tats, la Suisse plaide pour des r\u00e8gles commerciales contraignantes. Elle lance \u00e0 cet effet l\u2019initiative Fit partnership. ","post_hero_image_description":"Des navires en attente au large des c\u00f4tes de Singapour. Lanc\u00e9e par la Suisse et d\u2019autres pays, l\u2019initiative \u00abFuture of Investment and Trade Partnership\u00bb a pour but de dynamiser le commerce mondial. ","post_hero_image_description_copyright_de":"","post_hero_image_description_copyright_fr":"Keystone","post_references_literature":"","post_kasten":null,"post_notes_for_print":"","first_teaser_header_de":"","first_teaser_header_fr":"","first_teaser_text_de":"","first_teaser_text_fr":"","second_teaser_header_de":"","second_teaser_header_fr":"","second_teaser_text_de":"","second_teaser_text_fr":"","kseason_de":"","kseason_fr":"","post_in_pdf":"","main_focus":"","serie_email":"","frontpage_slider_bild":"","artikel_bild-slider":null,"legacy_id":"","post_abstract":"","magazine_issue":null,"seco_author_reccomended_post":"","redaktoren":"","korrektor":"","planned_publication_date":"2026-03-19 06:00:35","original_files":null,"external_release_for_author":null,"external_release_for_author_time":"","link_for_external_authors":"https:\/\/dievolkswirtschaft.ch\/fr\/exedit\/695be31104c3b"},"_links":{"self":[{"href":"https:\/\/dievolkswirtschaft.ch\/fr\/wp-json\/wp\/v2\/posts\/216697"}],"collection":[{"href":"https:\/\/dievolkswirtschaft.ch\/fr\/wp-json\/wp\/v2\/posts"}],"about":[{"href":"https:\/\/dievolkswirtschaft.ch\/fr\/wp-json\/wp\/v2\/types\/post"}],"author":[{"embeddable":true,"href":"https:\/\/dievolkswirtschaft.ch\/fr\/wp-json\/wp\/v2\/users\/4479"}],"replies":[{"embeddable":true,"href":"https:\/\/dievolkswirtschaft.ch\/fr\/wp-json\/wp\/v2\/comments?post=216697"}],"version-history":[{"count":15,"href":"https:\/\/dievolkswirtschaft.ch\/fr\/wp-json\/wp\/v2\/posts\/216697\/revisions"}],"predecessor-version":[{"id":218945,"href":"https:\/\/dievolkswirtschaft.ch\/fr\/wp-json\/wp\/v2\/posts\/216697\/revisions\/218945"}],"acf:user":[{"embeddable":true,"href":"https:\/\/dievolkswirtschaft.ch\/fr\/wp-json\/wp\/v2\/users\/4479"}],"wp:featuredmedia":[{"embeddable":true,"href":"https:\/\/dievolkswirtschaft.ch\/fr\/wp-json\/wp\/v2\/media\/218887"}],"wp:attachment":[{"href":"https:\/\/dievolkswirtschaft.ch\/fr\/wp-json\/wp\/v2\/media?parent=216697"}],"wp:term":[{"taxonomy":"post__type","embeddable":true,"href":"https:\/\/dievolkswirtschaft.ch\/fr\/wp-json\/wp\/v2\/post__type?post=216697"},{"taxonomy":"post_opinion","embeddable":true,"href":"https:\/\/dievolkswirtschaft.ch\/fr\/wp-json\/wp\/v2\/post_opinion?post=216697"},{"taxonomy":"post_serie","embeddable":true,"href":"https:\/\/dievolkswirtschaft.ch\/fr\/wp-json\/wp\/v2\/post_serie?post=216697"},{"taxonomy":"post_content_category","embeddable":true,"href":"https:\/\/dievolkswirtschaft.ch\/fr\/wp-json\/wp\/v2\/post_content_category?post=216697"},{"taxonomy":"post_content_subject","embeddable":true,"href":"https:\/\/dievolkswirtschaft.ch\/fr\/wp-json\/wp\/v2\/post_content_subject?post=216697"}],"curies":[{"name":"wp","href":"https:\/\/api.w.org\/{rel}","templated":true}]}}