{"id":217354,"date":"2026-03-10T06:20:27","date_gmt":"2026-03-10T05:20:27","guid":{"rendered":"https:\/\/dievolkswirtschaft.ch\/?p=217354"},"modified":"2026-03-10T12:08:23","modified_gmt":"2026-03-10T11:08:23","slug":"la-penurie-de-logements-se-poursuit","status":"publish","type":"post","link":"https:\/\/dievolkswirtschaft.ch\/fr\/2026\/03\/la-penurie-de-logements-se-poursuit\/","title":{"rendered":"La p\u00e9nurie de logements se poursuit"},"content":{"rendered":"<p>La p\u00e9nurie de logements s\u2019est poursuivie en 2025. Au cours des cinq derni\u00e8res ann\u00e9es, le taux de logements vacants en Suisse est pass\u00e9 de 1,72% \u00e0 1%, ce qui t\u00e9moigne de la tension qui r\u00e8gne sur le march\u00e9 du logement en de nombreux endroits. Bien qu\u2019il s\u2019agisse de la valeur la plus basse enregistr\u00e9e depuis 2013, les taux de vacance actuels ne sont pas (encore) particuli\u00e8rement bas dans une perspective \u00e0 plus long terme, puisqu\u2019ils \u00e9taient inf\u00e9rieurs \u00e0 1% entre 2003 et 2005 ainsi qu\u2019entre 2008 et 2013. G\u00e9n\u00e9ralement, on parle de \u00abcrise du logement\u00bb quand le taux de logements vacants passe en dessous de ce seuil.<\/p>\n<p>Le taux de logements vacants \u00e9volue diff\u00e9remment selon les r\u00e9gions (voir graphique). Dans les grands centres urbains, la situation est tendue, voire tr\u00e8s tendue, depuis des ann\u00e9es d\u00e9j\u00e0 tandis que, divis\u00e9 par deux entre 2020 et 2023 dans les communes touristiques, le nombre de logements vacants \u00e9volue depuis lors en de\u00e7\u00e0 de la moyenne nationale. Plus globalement, le taux de logements vacants a diminu\u00e9 depuis 2023, notamment dans les centres des villes de taille petite et moyenne. En d\u2019autres termes, la p\u00e9nurie de logements touche de plus en plus de r\u00e9gions en Suisse. En 2025, 15 cantons affichent un taux de vacance inf\u00e9rieur \u00e0 1%, les cantons de Gen\u00e8ve (0,34%), Zoug (0,42%) et Zurich (0,48%) enregistrant les taux les plus bas. En outre, ce taux est inf\u00e9rieur \u00e0 1% dans 54,8% des communes (contre 32,3% des communes en 2020).<\/p>\n<h2 class=\"text__graphic-title\">La p\u00e9nurie de logements est la plus marqu\u00e9e dans le canton de Gen\u00e8ve (2022)<\/h2>\n<h6 class=\"copy-small-bold\">GRAPHIQUE INTERACTIF<\/h6>\n<div id=\"TSCHIRREN_03-2026_FR\" class=\"chart chart--normal\" style=\"height: 600px;\"><\/div>\n\n<script src=\"https:\/\/code.highcharts.com\/maps\/highmaps.js\"><\/script>\n\n<script>\njQuery(function ($) {\n  (async function () {\n    const topology = await fetch(\n      'https:\/\/code.highcharts.com\/mapdata\/countries\/ch\/ch-all.topo.json'\n    ).then(r => r.json());\n\n    \/\/ Taux de logements vacants 2025 (en %)\n    const data = [\n      ['ch-zh', 0.48], ['ch-fr', 1.11], ['ch-so', 2.05],\n      ['ch-bs', 0.92], ['ch-bl', 0.79], ['ch-sh', 0.83],\n      ['ch-ar', 1.12], ['ch-ai', 0.93], ['ch-sg', 1.37],\n      ['ch-gr', 0.57], ['ch-ag', 1.18], ['ch-be', 1.12],\n      ['ch-tg', 1.41], ['ch-ti', 1.92], ['ch-vd', 0.89],\n      ['ch-vs', 1.18], ['ch-ne', 1.82], ['ch-ge', 0.34],\n      ['ch-ju', 3.03], ['ch-lu', 0.78], ['ch-ur', 0.64],\n      ['ch-sz', 0.52], ['ch-nw', 0.5], ['ch-ni', 0.68],\n      ['ch-gl', 0.61], ['ch-zg', 0.42]\n    ];\n\n    \/\/ Noms complets (tooltip)\n    const codeMap = {\n      'ch-zh': 'Zurich','ch-be': 'Berne','ch-lu': 'Lucerne','ch-ur': 'Uri',\n      'ch-sz': 'Schwyz','ch-nw': 'Obwald','ch-ni': 'Nidwald',\n      'ch-gl': 'Glaris','ch-zg': 'Zoug','ch-fr': 'Fribourg',\n      'ch-so': 'Soleure','ch-bs': 'B\u00e2le-Ville',\n      'ch-bl': 'B\u00e2le-Campagne','ch-sh': 'Schaffhouse',\n      'ch-ar': 'Appenzell Rh.-Ext.','ch-ai': 'Appenzell Rh.-Int.',\n      'ch-sg': 'Saint-Gall','ch-gr': 'Grisons','ch-ag': 'Argovie',\n      'ch-tg': 'Thurgovie','ch-ti': 'Tessin','ch-vd': 'Vaud',\n      'ch-vs': 'Valais','ch-ne': 'Neuch\u00e2tel','ch-ge': 'Gen\u00e8ve',\n      'ch-ju': 'Jura'\n    };\n\n    \/\/ Abr\u00e9viations officielles (carte)\n    const abbrMap = {\n      'ch-zh': 'ZH','ch-be': 'BE','ch-lu': 'LU','ch-ur': 'UR',\n      'ch-sz': 'SZ','ch-nw': 'OW','ch-ni': 'NW','ch-gl': 'GL',\n      'ch-zg': 'ZG','ch-fr': 'FR','ch-so': 'SO','ch-bs': 'BS',\n      'ch-bl': 'BL','ch-sh': 'SH','ch-ar': 'AR','ch-ai': 'AI',\n      'ch-sg': 'SG','ch-gr': 'GR','ch-ag': 'AG','ch-tg': 'TG',\n      'ch-ti': 'TI','ch-vd': 'VD','ch-vs': 'VS','ch-ne': 'NE',\n      'ch-ge': 'GE','ch-ju': 'JU'\n    };\n\n    Highcharts.setOptions({\n      lang: { thousandsSep: ' ', decimalPoint: ',' }\n    });\n\n    Highcharts.mapChart('TSCHIRREN_03-2026_FR', {\n      chart: { map: topology },\n\n      title: { text: 'Taux de logements vacants 2025 par canton' },\n      subtitle: { text: '' },\n\n      colorAxis: {\n        min: 0,\n        max: 3.1,\n        tickInterval: 0.5,\n        stops: [\n          [0.00, '#35635e'],\n          [0.20, '#428178'],\n          [0.40, '#4ba9a3'],\n          [0.60, '#70bdc6'],\n          [0.80, '#abd7dc'],\n          [1.00, '#d5ebed']\n        ]\n      },\n\n      mapNavigation: { enabled: false },\n\n      tooltip: {\n        headerFormat: '',\n        useHTML: true,\n        outside: true,\n        backgroundColor: '#ffffff',\n        borderWidth: 0,\n        shadow: false,\n        style: { zIndex: 999999 },\n        pointFormatter: function () {\n          const code = this['hc-key'] || (this.properties && this.properties['hc-key']);\n          const name = codeMap[code] || this.name;\n          const val = (this.value != null)\n            ? Highcharts.numberFormat(this.value, 2)\n            : 'pas de donn\u00e9e';\n          return '<b>' + name + '<\/b><br>Taux de logements vacants: ' + val + '%';\n        }\n      },\n\n      series: [{\n        data: data,\n        name: 'Taux de logements vacants 2025',\n        nullColor: '#ffffff',\n\n        states: {\n          hover: { color: '#ff730D' }\n        },\n\n        \/\/ Nur Kantonsk\u00fcrzel, keine Prozentwerte auf der Karte\n        dataLabels: {\n          enabled: true,\n          allowOverlap: true,\n          useHTML: true,\n          formatter: function () {\n            const code = this.point['hc-key'] ||\n                         (this.point.properties && this.point.properties['hc-key']);\n            return abbrMap[code] || '';\n          },\n          style: {\n            fontSize: '12px',\n            color: '#222'\n          }\n        }\n      }]\n    });\n\n  })();\n});\n<\/script>\n<div class=\"diagram-legend\">Source: <a href=\"https:\/\/mapexplorer.bfs.admin.ch\/?lang=fr#c=indicator&amp;i=ch_09_03b.leerwohnungsziffer&amp;s=2025&amp;view=map164\">Office f\u00e9d\u00e9ral de la statistique<\/a> | Graphique: La Vie \u00e9conomique<\/div>\n<p>La p\u00e9nurie de logements s\u2019aggrave car la demande de logements est sup\u00e9rieure \u00e0 l\u2019activit\u00e9 de construction. Entre 2015 et 2019, un peu plus de 51\u00a0000\u00a0logements sont sortis de terre en moyenne chaque ann\u00e9e (contre moins de 46\u00a0000 entre 2020 et 2024), tandis que 50\u00a0350\u00a0nouveaux m\u00e9nages se sont form\u00e9s chaque ann\u00e9e, ce qui a entra\u00een\u00e9 une p\u00e9nurie de quelque 23\u00a0000\u00a0logements.<\/p>\n<p>Deux\u00a0raisons principales peuvent expliquer l\u2019augmentation du nombre de m\u00e9nages. La premi\u00e8re est l\u2019immigration: entre 2016 et 2021, l\u2019immigration nette en Suisse a atteint pr\u00e8s de 60\u00a0000\u00a0personnes, contre 80\u00a0000 entre 2022 et 2024 et pr\u00e8s de 100\u00a0000 en 2023\u00a0\u2013 des chiffres qui s\u2019expliquent par la forte croissance \u00e9conomique de cette p\u00e9riode et le besoin de main-d\u2019\u0153uvre suppl\u00e9mentaire. D\u2019apr\u00e8s les pr\u00e9visions, ce chiffre devrait probablement diminuer pour s\u2019\u00e9lever \u00e0 75\u00a0000\u00a0personnes en 2025. Toutefois, comme la population de Suisse vieillit et que le nombre de personnes actives diminue, le pays aura encore besoin de main-d\u2019\u0153uvre \u00e9trang\u00e8re \u00e0 l\u2019avenir et, donc, de davantage de logements.<\/p>\n<p>La seconde raison de la hausse du nombre de m\u00e9nages est la diminution de la taille des m\u00e9nages, influenc\u00e9e par le vieillissement croissant de la population et par le ph\u00e9nom\u00e8ne de l\u2019individualisation. Au cours de leur vie, les personnes vivent de plus en plus seules ou dans un m\u00e9nage de petite taille. Il faut donc davantage de logements pour un m\u00eame nombre de personnes. Actuellement, pr\u00e8s de 70% des m\u00e9nages en Suisse sont compos\u00e9s d\u2019une ou de deux personnes.<\/p>\n<h2 class=\"text__graphic-title\">L\u2019\u00e9volution de la perception de la question du logement<\/h2>\n<p>La perception de la question du logement a \u00e9galement \u00e9volu\u00e9, comme le montrent les enqu\u00eates publi\u00e9es ces derniers mois. Dans le barom\u00e8tre \u00e9lectoral SSR<a href=\"#footnote_1\" id=\"footnote-anchor_1\" class=\"inline-footnote__anchor\">[1]<\/a> de fin octobre ainsi que dans le barom\u00e8tre des pr\u00e9occupations publi\u00e9 par UBS<a href=\"#footnote_2\" id=\"footnote-anchor_2\" class=\"inline-footnote__anchor\">[2]<\/a> d\u00e9but d\u00e9cembre\u00a02025, le th\u00e8me \u00abP\u00e9nurie et prix des logements\u00bb arrive respectivement aux sixi\u00e8me et septi\u00e8me rangs des principaux enjeux politiques. Seuls les primes d\u2019assurance-maladie, l\u2019immigration, les relations avec l\u2019UE, le changement climatique et la politique d\u2019asile sont des questions encore plus importantes aux yeux des personnes ayant particip\u00e9 \u00e0 ces deux sondages. Selon l\u2019\u00e9tude d\u2019UBS, le march\u00e9 du logement \u00abest devenu l\u2019un des probl\u00e8mes majeurs du quotidien de la population\u00bb<a href=\"#footnote_3\" id=\"footnote-anchor_3\" class=\"inline-footnote__anchor\">[3]<\/a>. En l\u2019occurrence, la question des co\u00fbts du logement occupe une place pr\u00e9pond\u00e9rante par rapport \u00e0 d\u2019autres th\u00e8mes \u00e9conomiques comme l\u2019inflation, la pauvret\u00e9, la charge fiscale, le ch\u00f4mage ou la stabilit\u00e9 du syst\u00e8me financier.<\/p>\n<p>Fait remarquable dans le barom\u00e8tre \u00e9lectoral de la SSR: le degr\u00e9 d\u2019urgence de la p\u00e9nurie de logements a augment\u00e9, bien qu\u2019une grande partie de la population suisse soit satisfaite de sa situation en mati\u00e8re de logement et que seule une minorit\u00e9 de personnes soient confront\u00e9es \u00e0 des difficult\u00e9s pour se loger. Selon les auteurs de ce barom\u00e8tre, les zones non urbaines sont de plus en plus concern\u00e9es par le sujet. Les deux enqu\u00eates montrent que la question touche davantage les personnes jeunes, les co\u00fbts du logement constituant m\u00eame la deuxi\u00e8me pr\u00e9occupation la plus importante des jeunes \u00e2g\u00e9s de 18\u00a0\u00e0 35\u00a0ans dans le barom\u00e8tre d\u2019UBS.<\/p>\n<h2 class=\"text__graphic-title\">Le Plan d\u2019action sur la p\u00e9nurie de logements, une boussole \u00e0 l\u2019effet de long terme<\/h2>\n<p>\u00c9labor\u00e9 par la Conf\u00e9d\u00e9ration, les cantons, les villes et les communes, en collaboration avec les acteurs du secteur de la construction, de l\u2019immobilier et de la soci\u00e9t\u00e9 civile, le Plan d\u2019action sur la p\u00e9nurie de logements<a href=\"#footnote_4\" id=\"footnote-anchor_4\" class=\"inline-footnote__anchor\">[4]<\/a> est une r\u00e9ponse \u00e0 la situation tendue du march\u00e9. Il a \u00e9t\u00e9 d\u00e9voil\u00e9 en f\u00e9vrier\u00a02024 et comprend 35\u00a0mesures visant une augmentation de l\u2019offre de logements ainsi que la cr\u00e9ation de davantage de logements \u00e0 loyer mod\u00e9r\u00e9 et adapt\u00e9s aux besoins.<\/p>\n<p>Deux ann\u00e9es apr\u00e8s son lancement, quel est l\u2019impact du plan \u00e0 ce jour? D\u2019un point de vue objectif, aucun changement significatif n\u2019est encore perceptible. Il ne serait toutefois pas r\u00e9aliste d\u2019attendre du plan d\u2019action qu\u2019il d\u00e9clenche une hausse de l\u2019activit\u00e9 de construction en l\u2019espace de quelques mois. Les mesures recommand\u00e9es visent des changements \u00e0 moyen et long terme, sans compter qu\u2019il n\u2019est pas possible de les mettre en \u0153uvre du jour au lendemain. La premi\u00e8re enqu\u00eate sur l\u2019avanc\u00e9e du d\u00e9ploiement du Plan d\u2019action a r\u00e9v\u00e9l\u00e9 qu\u2019une seule mesure avait \u00e9t\u00e9 mise en place en un an. Actuellement, 6\u00a0mesures sur un total de 35\u00a0ont \u00e9t\u00e9 r\u00e9alis\u00e9es.<\/p>\n<p>Parmi les mesures d\u00e9j\u00e0 appliqu\u00e9es, citons notamment celles visant \u00e0 rendre les proc\u00e9dures de planification et d\u2019octroi de permis de construire plus efficaces. Une \u00e9tude mandat\u00e9e par l\u2019Office f\u00e9d\u00e9ral du d\u00e9veloppement territorial et l\u2019Office f\u00e9d\u00e9ral du logement formule \u00e0 cet \u00e9gard diverses recommandations qui sont actuellement examin\u00e9es par le Conseil f\u00e9d\u00e9ral. D\u2019autres mesures concernent la pes\u00e9e des int\u00e9r\u00eats lors de projets de d\u00e9veloppement vers l\u2019int\u00e9rieur. Comme de nombreux int\u00e9r\u00eats doivent \u00eatre pris en compte dans le cadre de projets dans des zones b\u00e2ties, il est crucial de proc\u00e9der \u00e0 une pes\u00e9e claire des int\u00e9r\u00eats. En outre, le secteur de la construction place ses espoirs dans une proc\u00e9dure d\u2019autorisation de construire en deux phases: dans une premi\u00e8re phase, l\u2019utilisation et l\u2019architecture seraient autoris\u00e9es, tandis que la deuxi\u00e8me phase permettrait d\u2019examiner les aspects et les normes techniques.<\/p>\n<p>Par ailleurs, la Conf\u00e9d\u00e9ration a am\u00e9lior\u00e9 les conditions-cadres pour l\u2019encouragement de la construction de logements d\u2019utilit\u00e9 publique, en adaptant les conditions de pr\u00eat du Fonds de roulement, qui permet d\u2019octroyer des pr\u00eats aux ma\u00eetres d\u2019ouvrage d\u2019utilit\u00e9 publique pour l\u2019acquisition, la construction et la r\u00e9novation de logements \u00e0 loyer mod\u00e9r\u00e9. Le Conseil f\u00e9d\u00e9ral a \u00e9galement approuv\u00e9 un cr\u00e9dit d\u2019engagement destin\u00e9 \u00e0 cautionner la promotion du logement. Les ma\u00eetres d\u2019ouvrage d\u2019utilit\u00e9 publique peuvent ainsi financer leurs immeubles \u00e0 des conditions avantageuses \u00e0 long terme.<\/p>\n<p>Il faut enfin souligner que le Plan d\u2019action a grandement contribu\u00e9 \u00e0 sensibiliser le public et les acteurs concern\u00e9s aux difficult\u00e9s du march\u00e9 du logement. Devenu une r\u00e9f\u00e9rence dans les d\u00e9bats, il sert \u00e9galement de point de d\u00e9part \u00e0 une am\u00e9lioration des conditions-cadres visant \u00e0 augmenter l\u2019offre de logements et \u00e0 cr\u00e9er en particulier des logements \u00e0 loyer mod\u00e9r\u00e9.<\/p>\n<ol class=\"footnote\"><li id=\"footnote_1\" class=\"footnote--item\">Voir <a href=\"https:\/\/sotomo.ch\/site\/wp-content\/uploads\/2025\/10\/SSR_Barometre_Electoral_2025.pdf\">Barom\u00e8tre \u00c9lectoral octobre\u00a02025, Sotomo<\/a>.&nbsp;<a href=\"#footnote-anchor_1\" class=\"inline-footnote__anchor hidden-print\">[<span class=\"icon-arrow-up\"><\/span>]<\/a><\/li><li id=\"footnote_2\" class=\"footnote--item\">Voir <a href=\"https:\/\/www.gfsbern.ch\/fr\/news\/barometre-des-preoccupations-ubs-2025\/\">Barom\u00e8tre des pr\u00e9occupations UBS 2025, gfs.bern<\/a>.&nbsp;<a href=\"#footnote-anchor_2\" class=\"inline-footnote__anchor hidden-print\">[<span class=\"icon-arrow-up\"><\/span>]<\/a><\/li><li id=\"footnote_3\" class=\"footnote--item\">Voir <a href=\"https:\/\/www.gfsbern.ch\/fr\/news\/barometre-des-preoccupations-ubs-2025\/\">Barom\u00e8tre des pr\u00e9occupations UBS 2025 | gfs.bern<\/a>, p. 12.&nbsp;<a href=\"#footnote-anchor_3\" class=\"inline-footnote__anchor hidden-print\">[<span class=\"icon-arrow-up\"><\/span>]<\/a><\/li><li id=\"footnote_4\" class=\"footnote--item\">Voir <a href=\"https:\/\/www.bwo.admin.ch\/fr\/plan-d-action-sur-la-penurie-du-logement\">Plan d\u2019action sur la p\u00e9nurie de logements<\/a>.&nbsp;<a href=\"#footnote-anchor_4\" class=\"inline-footnote__anchor hidden-print\">[<span class=\"icon-arrow-up\"><\/span>]<\/a><\/li><\/ol>","protected":false},"excerpt":{"rendered":"<p>La p\u00e9nurie de logements s\u2019est poursuivie en 2025. Au cours des cinq derni\u00e8res ann\u00e9es, le taux de logements vacants en Suisse est pass\u00e9 de 1,72% \u00e0 1%, ce qui t\u00e9moigne de la tension qui r\u00e8gne sur le march\u00e9 du logement en de nombreux endroits. Bien qu\u2019il s\u2019agisse de la valeur la plus basse enregistr\u00e9e depuis [&hellip;]<\/p>","protected":false},"author":5251,"featured_media":218504,"comment_status":"open","ping_status":"open","sticky":false,"template":"","format":"standard","meta":{"_acf_changed":false,"om_disable_all_campaigns":false,"ep_exclude_from_search":false,"footnotes":""},"post__type":[81,83],"post_opinion":[],"post_serie":[],"post_content_category":[105],"post_content_subject":[193,191],"acf":{"seco_author":5251,"seco_co_author":"","author_override":"","seco_author_post_ocupation_year":"","seco_author_post_occupation_de":"Direktor des Bundesamts f\u00fcr Wohnungswesen (BWO), Bern","seco_author_post_occupation_fr":"Directeur de l\u2019Office f\u00e9d\u00e9ral du logement (OFL), Berne","seco_co_authors_post_ocupation":null,"short_title":"","post_lead":"L\u2019offre de logements, en particulier de logements \u00e0 loyer mod\u00e9r\u00e9, se rar\u00e9fie en Suisse. Les effets des pistes d\u2019am\u00e9lioration formul\u00e9es dans le Plan d\u2019action sur la p\u00e9nurie de logements tardent \u00e0 se d\u00e9ployer. ","post_hero_image_description":"Le taux de logements vacants diminue. \u00c0 Zurich, il s\u2019\u00e9l\u00e8ve actuellement \u00e0 0,48%.","post_hero_image_description_copyright_de":"","post_hero_image_description_copyright_fr":"Keystone","post_references_literature":"","post_kasten":null,"post_notes_for_print":"","first_teaser_header_de":"","first_teaser_header_fr":"","first_teaser_text_de":"","first_teaser_text_fr":"","second_teaser_header_de":"","second_teaser_header_fr":"","second_teaser_text_de":"","second_teaser_text_fr":"","kseason_de":"","kseason_fr":"","post_in_pdf":218729,"main_focus":[218008,218011],"serie_email":"","frontpage_slider_bild":"","artikel_bild-slider":null,"legacy_id":"","post_abstract":"","magazine_issue":null,"seco_author_reccomended_post":"","redaktoren":"","korrektor":"","planned_publication_date":"2026-03-10 05:20:40","original_files":null,"external_release_for_author":null,"external_release_for_author_time":"","link_for_external_authors":"https:\/\/dievolkswirtschaft.ch\/fr\/exedit\/69778c54599cf"},"_links":{"self":[{"href":"https:\/\/dievolkswirtschaft.ch\/fr\/wp-json\/wp\/v2\/posts\/217354"}],"collection":[{"href":"https:\/\/dievolkswirtschaft.ch\/fr\/wp-json\/wp\/v2\/posts"}],"about":[{"href":"https:\/\/dievolkswirtschaft.ch\/fr\/wp-json\/wp\/v2\/types\/post"}],"author":[{"embeddable":true,"href":"https:\/\/dievolkswirtschaft.ch\/fr\/wp-json\/wp\/v2\/users\/5251"}],"replies":[{"embeddable":true,"href":"https:\/\/dievolkswirtschaft.ch\/fr\/wp-json\/wp\/v2\/comments?post=217354"}],"version-history":[{"count":15,"href":"https:\/\/dievolkswirtschaft.ch\/fr\/wp-json\/wp\/v2\/posts\/217354\/revisions"}],"predecessor-version":[{"id":218733,"href":"https:\/\/dievolkswirtschaft.ch\/fr\/wp-json\/wp\/v2\/posts\/217354\/revisions\/218733"}],"acf:post":[{"embeddable":true,"href":"https:\/\/dievolkswirtschaft.ch\/fr\/wp-json\/wp\/v2\/main_focus_post\/218011"},{"embeddable":true,"href":"https:\/\/dievolkswirtschaft.ch\/fr\/wp-json\/wp\/v2\/main_focus_post\/218008"}],"acf:user":[{"embeddable":true,"href":"https:\/\/dievolkswirtschaft.ch\/fr\/wp-json\/wp\/v2\/users\/5251"}],"wp:featuredmedia":[{"embeddable":true,"href":"https:\/\/dievolkswirtschaft.ch\/fr\/wp-json\/wp\/v2\/media\/218504"}],"wp:attachment":[{"href":"https:\/\/dievolkswirtschaft.ch\/fr\/wp-json\/wp\/v2\/media?parent=217354"}],"wp:term":[{"taxonomy":"post__type","embeddable":true,"href":"https:\/\/dievolkswirtschaft.ch\/fr\/wp-json\/wp\/v2\/post__type?post=217354"},{"taxonomy":"post_opinion","embeddable":true,"href":"https:\/\/dievolkswirtschaft.ch\/fr\/wp-json\/wp\/v2\/post_opinion?post=217354"},{"taxonomy":"post_serie","embeddable":true,"href":"https:\/\/dievolkswirtschaft.ch\/fr\/wp-json\/wp\/v2\/post_serie?post=217354"},{"taxonomy":"post_content_category","embeddable":true,"href":"https:\/\/dievolkswirtschaft.ch\/fr\/wp-json\/wp\/v2\/post_content_category?post=217354"},{"taxonomy":"post_content_subject","embeddable":true,"href":"https:\/\/dievolkswirtschaft.ch\/fr\/wp-json\/wp\/v2\/post_content_subject?post=217354"}],"curies":[{"name":"wp","href":"https:\/\/api.w.org\/{rel}","templated":true}]}}