{"id":217698,"date":"2026-03-17T07:00:27","date_gmt":"2026-03-17T06:00:27","guid":{"rendered":"https:\/\/dievolkswirtschaft.ch\/?p=217698"},"modified":"2026-03-17T15:15:29","modified_gmt":"2026-03-17T14:15:29","slug":"promotion-de-la-releve-ce-que-leconomie-peut-apprendre-du-football","status":"publish","type":"post","link":"https:\/\/dievolkswirtschaft.ch\/fr\/2026\/03\/promotion-de-la-releve-ce-que-leconomie-peut-apprendre-du-football\/","title":{"rendered":"Promotion de la rel\u00e8ve: ce que l\u2019\u00e9conomie peut apprendre du football"},"content":{"rendered":"<p>La concurrence stimule la performance, favorise l\u2019innovation et permet aux acteurs les plus productifs de s\u2019imposer sur le march\u00e9. L\u2019id\u00e9e selon laquelle les personnes les plus performantes s\u2019imposent face \u00e0 la concurrence est largement r\u00e9pandue dans les manuels d\u2019\u00e9conomie.<\/p>\n<p>La concurrence n\u2019agit toutefois pas en vase clos, notamment sur le march\u00e9 du travail. Il peut arriver qu\u2019elle ne joue pas correctement son r\u00f4le et aboutisse \u00e0 un r\u00e9sultat qui n\u2019est pas optimal. Faute de connaissances suffisantes sur les comp\u00e9tences de nouvelles personnes, les entreprises ne font pas appel \u00e0 celles qui sont les plus talentueuses, mais privil\u00e9gient les profils de personnes qu\u2019elles emploient d\u00e9j\u00e0.<\/p>\n<h2 class=\"text__graphic-title\">Des d\u00e9cisions prudentes<\/h2>\n<p>Dans le jargon \u00e9conomique, on parle dans ce cas d\u2019asym\u00e9trie d\u2019information, une cause probable de d\u00e9faillance du march\u00e9. Et c\u2019est pr\u00e9cis\u00e9ment ce qu\u2019on observe sur le march\u00e9 du travail: en p\u00e9riode d\u2019incertitude, les responsables ont tendance \u00e0 \u00e9viter les risques, m\u00eame si cela leur est pr\u00e9judiciable \u00e0 long terme. Des \u00e9tudes d\u00e9montrent ainsi qu\u2019en cas de doute sur le rendement d\u2019une formation, les entreprises n\u2019investissent pas suffisamment dans les jeunes collaboratrices et collaborateurs<a href=\"#footnote_1\" id=\"footnote-anchor_1\" class=\"inline-footnote__anchor\">[1]<\/a>. Le probl\u00e8me n\u2019est pas le manque de talents, mais le fait que les entreprises ont de la peine \u00e0 les identifier, car, h\u00e9sitant \u00e0 prendre des risques, les responsables ne font pas appel aux talents.<\/p>\n<p>D\u2019autres raisons peuvent expliquer pourquoi les entreprises n\u2019exploitent pas pleinement le potentiel du march\u00e9 du travail. Les recherches men\u00e9es dans le domaine de l\u2019innovation d\u00e9montrent notamment que les enfants issus de m\u00e9nages disposant de faibles revenus sont dix fois moins nombreux \u00e0 devenir des inventeurs que ceux issus de milieux ais\u00e9s, et ce, \u00e0 intelligence \u00e9gale<a href=\"#footnote_2\" id=\"footnote-anchor_2\" class=\"inline-footnote__anchor\">[2]<\/a>. Le probl\u00e8me ne r\u00e9side pas dans les capacit\u00e9s de ces enfants, mais dans leur manque d\u2019acc\u00e8s \u00e0 des environnements stimulants (hautes \u00e9coles, r\u00e9seaux et mod\u00e8les, par exemple). On parle alors d\u2019\u00abEinstein perdus\u00bb.<\/p>\n<p>Or, ces destins ne concernent pas uniquement des carri\u00e8res individuelles. Si des personnes talentueuses ne peuvent pas exprimer leur potentiel, cela nuit \u00e0 la performance et la capacit\u00e9 d\u2019innovation. D\u2019un point de vue \u00e9conomique, c\u2019est la soci\u00e9t\u00e9 dans son ensemble qui en p\u00e2tit.<\/p>\n<h2 class=\"text__graphic-title\">L\u2019exemple du football professionnel<\/h2>\n<p>D\u00e8s lors, comment encourager davantage de talents? Le football professionnel se pr\u00eate bien \u00e0 l\u2019\u00e9tude de cette question car rares sont les march\u00e9s du travail qui soient autant ax\u00e9s sur la performance, aussi dynamiques, mobiles et transparents que lui. Il se rapproche ainsi le plus du mod\u00e8le de la concurrence parfaite<a href=\"#footnote_3\" id=\"footnote-anchor_3\" class=\"inline-footnote__anchor\">[3]<\/a>. Dans le milieu du football professionnel, les jeunes talents comme les joueurs \u00e9tablis se disputent une ressource particuli\u00e8rement rare, \u00e0 savoir le temps de jeu. Les talents de la nouvelle g\u00e9n\u00e9ration y acc\u00e8dent plus difficilement car les entra\u00eeneurs sont soumis \u00e0 une forte pression pour obtenir des r\u00e9sultats tout en ne disposant que d\u2019informations limit\u00e9es sur les capacit\u00e9s r\u00e9elles de leurs jeunes joueurs. Repr\u00e9sentant une option fiable et <em>a priori <\/em>peu risqu\u00e9e, les joueurs professionnels aguerris entrent plus souvent sur le terrain. La probl\u00e9matique de l\u2019asym\u00e9trie d\u2019information n\u2019\u00e9pargne donc pas ce march\u00e9 aux allures de laboratoire.<\/p>\n<p>S\u2019appuyant sur l\u2019exemple de la premi\u00e8re division du championnat mexicain de football masculin, une \u00e9tude<a href=\"#footnote_4\" id=\"footnote-anchor_4\" class=\"inline-footnote__anchor\">[4]<\/a> a examin\u00e9 si une r\u00e8gle sp\u00e9cialement con\u00e7ue \u00e0 cet effet pouvait faciliter l\u2019acc\u00e8s des jeunes talents au football professionnel. Le cas du football mexicain est particuli\u00e8rement int\u00e9ressant car la \u00abr\u00e8gle du 20\/11\u00bb y a \u00e9t\u00e9 introduite en 2005 afin d\u2019encourager les jeunes joueurs. Cette r\u00e8gle, qui n\u2019est plus en vigueur aujourd\u2019hui, obligeait les clubs \u00e0 faire jouer les jeunes de moins de 20\u00a0ans et 11\u00a0mois au moins 1000\u00a0minutes par saison<a href=\"#footnote_5\" id=\"footnote-anchor_5\" class=\"inline-footnote__anchor\">[5]<\/a>. Elle se distinguait ainsi nettement de celle qui s\u2019appliquait aux championnats europ\u00e9ens et qui imposait aux clubs de r\u00e9server aux jeunes joueurs un nombre minimum de places dans leur effectif. Cette r\u00e8gle n\u2019a pas produit les effets escompt\u00e9s car, m\u00eame si les jeunes joueurs \u00e9taient int\u00e9gr\u00e9s \u00e0 l\u2019effectif, ils restaient souvent sur le banc des rempla\u00e7ants et n\u2019entraient pas sur le terrain<a href=\"#footnote_6\" id=\"footnote-anchor_6\" class=\"inline-footnote__anchor\">[6]<\/a>. Le football professionnel mexicain est ainsi devenu un terrain propice aux \u00e9tudes empiriques portant sur une question \u00e9conomique fondamentale: une r\u00e9glementation peut-elle aider \u00e0 surmonter la \u00abs\u00e9lection adverse\u00bb<a href=\"#footnote_7\" id=\"footnote-anchor_7\" class=\"inline-footnote__anchor\">[7]<\/a> et favoriser ainsi la d\u00e9couverte de talents?<\/p>\n<h2 class=\"text__graphic-title\">La preuve mexicaine<\/h2>\n<p>Les r\u00e9sultats de l\u2019\u00e9tude sont sans \u00e9quivoque<a href=\"#footnote_8\" id=\"footnote-anchor_8\" class=\"inline-footnote__anchor\">[8]<\/a>. Apr\u00e8s l\u2019introduction de la r\u00e8gle en 2005, le temps de jeu moyen des jeunes footballers pendant la saison a nettement augment\u00e9 par rapport \u00e0 celui des joueurs du groupe de contr\u00f4le constitu\u00e9 des ligues nord-am\u00e9ricaine et br\u00e9silienne. Autre fait remarquable, l\u2019augmentation du temps de jeu ne concernait pas seulement une poign\u00e9e de jeunes talents. La \u00abregla\u00a020\/11\u00bb a donc permis d\u2019int\u00e9grer syst\u00e9matiquement des jeunes joueurs au sein de l\u2019effectif disputant les rencontres. En parall\u00e8le, la concurrence entre les clubs n\u2019a jamais \u00e9t\u00e9 aussi \u00e9quilibr\u00e9e<a href=\"#footnote_9\" id=\"footnote-anchor_9\" class=\"inline-footnote__anchor\">[9]<\/a>.<\/p>\n<p>Il est \u00e9galement int\u00e9ressant de se pencher sur les matches \u00e9liminatoires (<em>play-offs)<\/em>, au cours desquels les \u00e9quipes se disputent prestige, titres et des gains financiers se chiffrant en millions. Bien que la \u00abr\u00e8gle du 20\/11\u00bb ne s\u2019applique pas durant les <em>play-offs<\/em>, on constate que le temps de jeu des jeunes joueurs au Mexique est \u00e9galement bien plus \u00e9lev\u00e9 que dans le championnat nord-am\u00e9ricain (voir <em>graphique<\/em>). La r\u00e8gle d\u00e9passe donc son champ d\u2019application imm\u00e9diat: en donnant du temps de jeu aux jeunes joueurs, elle leur permet de s\u2019\u00e9panouir et de r\u00e9aliser des performances au plus haut niveau. Pour l\u2019entra\u00eeneur, il n\u2019y a alors plus de raison de les mettre sur le banc.<\/p>\n<h2 class=\"text__graphic-title\">Forte hausse du temps de jeu moyen des joueurs de moins 21\u00a0ans lors des <em>play-offs<\/em> mexicains<\/h2>\n<h6 class=\"copy-small-bold\">GRAPHIQUE INTERACTIF<\/h6>\n<div class='chart chart--normal' id='BRIVIBA-B\u00dcHLER-FREY_03-2026_FR'>\n\n<\/div>\n\n<script>\n$(function () {\n    $('#BRIVIBA-B\u00dcHLER-FREY_03-2026_FR').highcharts({\nchart: {\n        type: 'column',\n        backgroundColor: '#ffffff',\n        spacingBottom: 90\n    },\n\n    title: {\n        text: null\n    },\n\n    legend: {\n        enabled: true,\n        align: 'center',\n        verticalAlign: 'bottom',\n        symbolRadius: 0\n    },\n\n    xAxis: {\n    categories: [\n        '',\n        '',\n        '',\n        '',\n        ''\n    ],\n    tickPositions: [0.5, 3.5],\n    lineColor: '#000000',\n    tickColor: '#000000',\n    tickLength: 0,\n    labels: {\n        useHTML: true,\n        y: 25,\n        style: {\n            color: '#000000',\n            fontSize: '14px',\n            textAlign: 'center'\n        },\n        formatter: function () {\n            if (this.pos === 0.5) {\n                return 'Avant l\u2019introduction de la r\u00e8gle<br>(2002\u20132004)';\n            }\n            if (this.pos === 3.5) {\n                return 'Pendant l\u2019application de la r\u00e8gle<br>(2006\u20132008)';\n            }\n            return '';\n        }\n    }\n},\n\n    yAxis: {\n        min: 0,\n        title: {\n            text: 'Temps de jeu (en minutes) par \u00e9quipe lors des play-offs'\n        },\n        labels: {\n            formatter: function () {\n                return Highcharts.numberFormat(this.value, 0, ',', \"'\");\n            },\n            style: {\n                color: '#000000'\n            }\n        },\n        gridLineColor: '#d9d9d9',\n        lineColor: '#000000',\n        tickColor: '#000000'\n    },\n\n    tooltip: {\n        shared: true\n    },\n\n    plotOptions: {\n        column: {\n            borderWidth: 1,\n            borderColor: '#4d4d4d',\n            pointWidth: 60,\n            grouping: false\n        },\n        errorbar: {\n            grouping: false,\n            whiskerWidth: 1,\n            stemWidth: 1,\n            color: '#4d4d4d'\n        },\n        series: {\n            animation: false\n        }\n    },\n\n    series: [\n        {\n            name: 'Groupe de contr\u00f4le ligue nord-am\u00e9ricaine',\n            type: 'column',\n            color: '#4b83c9',\n            data: [327.29, null, null, 188.67, null]\n        },\n        {\n            name: 'Mexique',\n            type: 'column',\n            color: '#ff730D',\n            data: [null, 243.66, null, null, 463.11]\n        },\n        {\n            type: 'errorbar',\n            name: 'Groupe de contr\u00f4le ligue nord-am\u00e9ricaine: intervalle de confidence 95%',\n            showInLegend: false,\n            data: [\n                [225.11, 429.48],\n                null,\n                null,\n                [119.27, 258.07],\n                null\n            ]\n        },\n        {\n            type: 'errorbar',\n            name: 'Mexique: intervalle de confiance 95%',\n            showInLegend: false,\n            data: [\n                null,\n                [141.70, 345.62],\n                null,\n                null,\n                [295.72, 630.51]\n            ]\n        }\n    ],\n\n    annotations: [{\n        labels: [{\n            point: {\n                xAxis: 0,\n                yAxis: 0,\n                x: 0.5,\n                y: 0\n            },\n            text: 'Vor Regel<br>(2002\u20132004)',\n            y: 255,\n            borderWidth: 0,\n            backgroundColor: 'transparent',\n            style: {\n                color: '#000000',\n                fontSize: '14px',\n                textAlign: 'center'\n            }\n        }, {\n            point: {\n                xAxis: 0,\n                yAxis: 0,\n                x: 3.5,\n                y: 0\n            },\n            text: 'W\u00e4hrend Regel<br>(2006\u20132008)',\n            y: 255,\n            borderWidth: 0,\n            backgroundColor: 'transparent',\n            style: {\n                color: '#000000',\n                fontSize: '14px',\n                textAlign: 'center'\n            }\n        }]\n    }],\n\n    credits: {\n        enabled: false\n    }\n});\n    });\n\n\n<\/script>\n<p>Remarque: le Mexique a introduit la \u00abregla\u00a020\/11\u00bb en 2005. M\u00eame si celle-ci ne s\u2019appliquait pas durant les <em>play-offs<\/em>, elle a \u00e9galement d\u00e9ploy\u00e9 ses effets durant cette phase de la comp\u00e9tition.\u00a0Source: calculs internes Briviba <em>et al.<\/em> (2025). | Graphique: La Vie \u00e9conomique<\/p>\n<h2 class=\"text__graphic-title\">Il faut que le potentiel se voie<\/h2>\n<p>Il ressort de l\u2019\u00e9tude que la r\u00e8gle en vigueur au Mexique a permis de vaincre l\u2019asym\u00e9trie d\u2019information et de corriger le dysfonctionnement du march\u00e9 r\u00e9sultant de la s\u00e9lection adverse. Lorsque les qualit\u00e9s des jeunes joueurs se r\u00e9v\u00e8lent lors de comp\u00e9titions officielles, les entra\u00eeneurs r\u00e9\u00e9valuent leur appr\u00e9ciation du risque li\u00e9 \u00e0 la performance. Le talent \u00e9clate au grand jour et continue de s\u2019\u00e9panouir m\u00eame apr\u00e8s la suppression du cadre r\u00e9glementaire.<\/p>\n<p>La \u00abr\u00e8gle du 20\/11\u00bb a permis de mettre en place des processus qui auraient \u00e9t\u00e9 \u00e9cart\u00e9s par exc\u00e8s de prudence. C\u2019est pr\u00e9cis\u00e9ment ce m\u00e9canisme que les \u00e9conomistes Daron\u00a0Acemoglu et J\u00f6rn-Steffen\u00a0Pischke d\u00e9crivent dans le cas du march\u00e9 du travail: les entreprises qui permettent aux talents d\u2019acqu\u00e9rir une exp\u00e9rience professionnelle en d\u00e9but de carri\u00e8re voient leur efficacit\u00e9 et leur productivit\u00e9 augmenter \u00e0 long terme<a href=\"#footnote_10\" id=\"footnote-anchor_10\" class=\"inline-footnote__anchor\">[10]<\/a>.<\/p>\n<h2 class=\"text__graphic-title\">Pr\u00e9venir la p\u00e9nurie de main-d\u2019\u0153uvre<\/h2>\n<p>Ces conclusions sont \u00e9galement pertinentes en mati\u00e8re de politique \u00e9conomique. Au cours des prochaines ann\u00e9es, l\u2019\u00e9volution d\u00e9mographique entra\u00eenera le d\u00e9part \u00e0 la retraite d\u2019une part importante des <em>baby-boomers<\/em>, tandis que les g\u00e9n\u00e9rations suivantes seront nettement moins nombreuses. Selon les calculs du Centre de recherches conjoncturelles de l\u2019EPF de Zurich (<a href=\"https:\/\/ethz.ch\/content\/dam\/ethz\/special-interest\/dual\/kof-dam\/documents\/KOF_Bulletin\/2023\/kof_bulletin_2023_04_de.pdf\">KOF<\/a>), les besoins de renouvellement sur le march\u00e9 du travail augmenteront fortement ces prochaines ann\u00e9es pour atteindre un pic en 2028. De ce fait, la p\u00e9nurie de main-d\u2019\u0153uvre s\u2019aggravera et aura des co\u00fbts consid\u00e9rables pour l\u2019\u00e9conomie<a href=\"#footnote_11\" id=\"footnote-anchor_11\" class=\"inline-footnote__anchor\">[11]<\/a>.<\/p>\n<p>Il est d\u2019autant plus important que le potentiel existant dans les entreprises ne reste pas inexploit\u00e9. T\u00f4t dans leur carri\u00e8re, les jeunes talents doivent avoir l\u2019opportunit\u00e9 de prendre des responsabilit\u00e9s et de prouver leurs comp\u00e9tences dans des conditions de concurrence r\u00e9elles. L\u2019exp\u00e9rience ne s\u2019acquiert pas d\u2019un claquement de doigts, au moment o\u00f9 des personnes cl\u00e9s quittent l\u2019entreprise. Elle na\u00eet de l\u2019int\u00e9gration des talents au bon moment, aux c\u00f4t\u00e9s de personnes exp\u00e9riment\u00e9es. Miser sur les jeunes talents permet de r\u00e9v\u00e9ler leur potentiel, de renforcer les indicateurs de performance dans un environnement de concurrence accrue et de r\u00e9duire les asym\u00e9tries d\u2019information. Cela est d\u2019autant plus important que la soci\u00e9t\u00e9 ne peut se permettre de passer \u00e0 c\u00f4t\u00e9 du prochain Maradona ou du futur Einstein.<\/p>\n<ol class=\"footnote\"><li id=\"footnote_1\" class=\"footnote--item\">Voir Acemoglu et Pischke (1998, 1999).&nbsp;<a href=\"#footnote-anchor_1\" class=\"inline-footnote__anchor hidden-print\">[<span class=\"icon-arrow-up\"><\/span>]<\/a><\/li><li id=\"footnote_2\" class=\"footnote--item\">Voir Bell <em>et al.<\/em> (2019).&nbsp;<a href=\"#footnote-anchor_2\" class=\"inline-footnote__anchor hidden-print\">[<span class=\"icon-arrow-up\"><\/span>]<\/a><\/li><li id=\"footnote_3\" class=\"footnote--item\">Voir <a href=\"https:\/\/dievolkswirtschaft.ch\/fr\/2025\/07\/le-football-professionnel-un-marche-du-travail-dynamique-mobile-et-transparent\/\">Pereira et al. (2025) in <\/a>\u00ab<a href=\"https:\/\/dievolkswirtschaft.ch\/fr\/2025\/07\/le-football-professionnel-un-marche-du-travail-dynamique-mobile-et-transparent\/\">La Vie\u00a0\u00e9conomique<\/a>\u00bb pour plus d\u2019informations sur le march\u00e9 du travail que constitue le football professionnel.&nbsp;<a href=\"#footnote-anchor_3\" class=\"inline-footnote__anchor hidden-print\">[<span class=\"icon-arrow-up\"><\/span>]<\/a><\/li><li id=\"footnote_4\" class=\"footnote--item\">Voir Briviba <em>et al.<\/em> (2025).&nbsp;<a href=\"#footnote-anchor_4\" class=\"inline-footnote__anchor hidden-print\">[<span class=\"icon-arrow-up\"><\/span>]<\/a><\/li><li id=\"footnote_5\" class=\"footnote--item\">Les \u00e9quipes mexicaines qui ne respectaient pas la r\u00e8gle se voyaient sanctionn\u00e9es d\u2019un retrait de points.&nbsp;<a href=\"#footnote-anchor_5\" class=\"inline-footnote__anchor hidden-print\">[<span class=\"icon-arrow-up\"><\/span>]<\/a><\/li><li id=\"footnote_6\" class=\"footnote--item\">Voir Vaeyens <em>et al.<\/em> (2005), Bullough <em>et al.<\/em> (2016), Dalziel <em>et al. <\/em>(2013).&nbsp;<a href=\"#footnote-anchor_6\" class=\"inline-footnote__anchor hidden-print\">[<span class=\"icon-arrow-up\"><\/span>]<\/a><\/li><li id=\"footnote_7\" class=\"footnote--item\">Voir Akerlof (1970).&nbsp;<a href=\"#footnote-anchor_7\" class=\"inline-footnote__anchor hidden-print\">[<span class=\"icon-arrow-up\"><\/span>]<\/a><\/li><li id=\"footnote_8\" class=\"footnote--item\">L\u2019analyse repose sur les donn\u00e9es de jeu d\u00e9taill\u00e9es du site Transfermarkt.de et s\u2019appuie sur la m\u00e9thode des doubles diff\u00e9rences.&nbsp;<a href=\"#footnote-anchor_8\" class=\"inline-footnote__anchor hidden-print\">[<span class=\"icon-arrow-up\"><\/span>]<\/a><\/li><li id=\"footnote_9\" class=\"footnote--item\">Concernant l\u2019\u00e9quilibre de la concurrence, l\u2019analyse porte notamment sur la concentration des victoires des \u00e9quipes du top 5 (indice C5) ainsi que l\u2019\u00e9quilibre g\u00e9n\u00e9ral du championnat en le mesurant \u00e0 l\u2019aide du ratio Noll-Scully.&nbsp;<a href=\"#footnote-anchor_9\" class=\"inline-footnote__anchor hidden-print\">[<span class=\"icon-arrow-up\"><\/span>]<\/a><\/li><li id=\"footnote_10\" class=\"footnote--item\">Voir Acemoglu et Pischke (1998) et (1999).&nbsp;<a href=\"#footnote-anchor_10\" class=\"inline-footnote__anchor hidden-print\">[<span class=\"icon-arrow-up\"><\/span>]<\/a><\/li><li id=\"footnote_11\" class=\"footnote--item\">Une <a href=\"https:\/\/www.bss.swiss\/files\/berichte\/BSS_KOF_Vakanzdauer_Stelleninserate.pdf\">\u00e9tude externe<\/a> de l\u2019Union patronale suisse conclut que les pertes occasionn\u00e9es par la p\u00e9nurie de main-d\u2019\u0153uvre vont s\u2019\u00e9lever jusqu\u2019\u00e0 0,66% du PIB, soit environ 5 milliards de francs (disponible uniquement en allemand).&nbsp;<a href=\"#footnote-anchor_11\" class=\"inline-footnote__anchor hidden-print\">[<span class=\"icon-arrow-up\"><\/span>]<\/a><\/li><\/ol>","protected":false},"excerpt":{"rendered":"<p>La concurrence stimule la performance, favorise l\u2019innovation et permet aux acteurs les plus productifs de s\u2019imposer sur le march\u00e9. L\u2019id\u00e9e selon laquelle les personnes les plus performantes s\u2019imposent face \u00e0 la concurrence est largement r\u00e9pandue dans les manuels d\u2019\u00e9conomie. La concurrence n\u2019agit toutefois pas en vase clos, notamment sur le march\u00e9 du travail. Il peut [&hellip;]<\/p>","protected":false},"author":5158,"featured_media":218812,"comment_status":"open","ping_status":"open","sticky":false,"template":"","format":"standard","meta":{"_acf_changed":false,"om_disable_all_campaigns":false,"ep_exclude_from_search":false,"footnotes":""},"post__type":[83],"post_opinion":[],"post_serie":[],"post_content_category":[105],"post_content_subject":[204,245,217],"acf":{"seco_author":5158,"seco_co_author":[12731,5034],"author_override":"","seco_author_post_ocupation_year":"","seco_author_post_occupation_de":"Dr., wissenschaftlicher Mitarbeiter beim Center for Research in Economics, Management and the Arts (Crema), Z\u00fcrich","seco_author_post_occupation_fr":"Collaborateur scientifique, Centre de recherche en \u00e9conomie, en gestion et en sciences humaines (Crema), Zurich","seco_co_authors_post_ocupation":[{"seco_co_author":12731,"seco_co_author_post_occupation_year":"","seco_co_author_post_occupation_de":"Doktorand und wissenschaftlicher Assistent, Institut f\u00fcr Schweizer Wirtschaftspolitik (IWP), Universit\u00e4t Luzern","seco_co_author_post_occupation_fr":"Doctorant et assistant scientifique, Institut de politique \u00e9conomique suisse (IWP), Universit\u00e9 de Lucerne"},{"seco_co_author":5034,"seco_co_author_post_occupation_year":"","seco_co_author_post_occupation_de":"Prof. Dr. Dr. h.c. mult., st\u00e4ndiger Gastprofessor an der Universit\u00e4t Basel und Forschungsdirektor beim Center for Research in Economics, Management and the Arts (Crema), Z\u00fcrich","seco_co_author_post_occupation_fr":"Professeur invit\u00e9 permanent d\u2019\u00e9conomie \u00e0 l\u2019Universit\u00e9 de B\u00e2le et directeur de recherche, Centre de recherche en \u00e9conomie, en gestion et en sciences humaines (Crema) \u00e0 Zurich"}],"short_title":"","post_lead":"En p\u00e9riode d\u2019incertitude, les entreprises comme les clubs de football s\u2019appuient sur ce qui a fait ses preuves, m\u00eame si ce n\u2019est pas optimal \u00e0 long terme. Une \u00e9tude portant sur l\u2019\u00e9lite du football mexicain d\u00e9montre comment une r\u00e8gle peut briser l\u2019aversion au risque.","post_hero_image_description":"Aux termes de la \u00abr\u00e8gle des jeunes\u00bb, les clubs de la premi\u00e8re division du championnat mexicain de football devaient accorder davantage de temps de jeu aux joueurs de moins de 21 ans. ","post_hero_image_description_copyright_de":"","post_hero_image_description_copyright_fr":"Keystone","post_references_literature":"<ul>\r\n \t<li class=\"content-copy\">Acemoglu D. et Pischke J.-S. (1998). <a href=\"https:\/\/academic.oup.com\/qje\/article-abstract\/113\/1\/79\/1892072?redirectedFrom=fulltext\">Why do firms train?<\/a><a href=\"https:\/\/academic.oup.com\/qje\/article-abstract\/113\/1\/79\/1892072?redirectedFrom=fulltext\"> Theory and evidence<\/a>. The Quarterly Journal of Economics, 113(1), pp.\u00a079-119.<\/li>\r\n \t<li class=\"content-copy\">Acemoglu D. et Pischke J.-S. (1999). <a href=\"https:\/\/academic.oup.com\/ej\/article-abstract\/109\/453\/112\/5128682?redirectedFrom=fulltext\">Beyond Becker:<\/a><a href=\"https:\/\/academic.oup.com\/ej\/article-abstract\/109\/453\/112\/5128682?redirectedFrom=fulltext\"> Training in imperfect labour markets<\/a>. The Economic Journal, 109(453), pp.\u00a0112-142.<\/li>\r\n \t<li class=\"content-copy\">Akerlof G. A. (1970). <a href=\"https:\/\/academic.oup.com\/qje\/article-abstract\/84\/3\/488\/1896241?redirectedFrom=fulltext\">The market for \u2018Lemons\u2019:<\/a><a href=\"https:\/\/academic.oup.com\/qje\/article-abstract\/84\/3\/488\/1896241?redirectedFrom=fulltext\"> Quality uncertainty and the market mechanism<\/a>. The Quarterly Journal of Economics, 84(3), pp.\u00a0488-500. JSTOR.<\/li>\r\n \t<li class=\"content-copy\">Bell A., Chetty R., Jaravel X., Petkova N. et Van Reenen J. (2019). <a href=\"https:\/\/academic.oup.com\/qje\/article-abstract\/134\/2\/647\/5218522?redirectedFrom=fulltext\">Who becomes an inventor in America?<\/a><a href=\"https:\/\/academic.oup.com\/qje\/article-abstract\/134\/2\/647\/5218522?redirectedFrom=fulltext\"> The importance of exposure to innovation<\/a>. The Quarterly Journal of Economics, 134(2), pp.\u00a0647-713.<\/li>\r\n \t<li class=\"content-copy\">Briviba A., B\u00fchler J. et Velazquez J. M. H. (2025). <a href=\"https:\/\/papers.ssrn.com\/sol3\/papers.cfm?abstract_id=5681582\">No more lost Maradonas?<\/a><a href=\"https:\/\/papers.ssrn.com\/sol3\/papers.cfm?abstract_id=5681582\"> The impact of Mexico\u2019s youth quota on playing participation<\/a>. SSRN Electronic Journal.<\/li>\r\n \t<li class=\"content-copy\">Bullough S., Moore R., Goldsmith S. et Edmondson L. (2016). <a href=\"https:\/\/journals.sagepub.com\/doi\/10.1177\/1747954116667104\">Player migration and opportunity:<\/a><a href=\"https:\/\/journals.sagepub.com\/doi\/10.1177\/1747954116667104\"> Examining the efficacy of the UEFA home-grown rule in six European football leagues<\/a>. International Journal of Sports Science &amp; Coaching, 11(5), pp.\u00a062-672.<\/li>\r\n \t<li class=\"content-copy\">Dalziel M., Downward P., Parrish R., Pearson G. et Semens A. (2013). <a href=\"https:\/\/research.edgehill.ac.uk\/ws\/files\/20062466\/Study_Final_Version_PDF.pdf\">Study on the assessment of UEFA\u2019s home-grown player rule<\/a>.<\/li>\r\n \t<li class=\"content-copy\">Kaiser B., M\u00f6hr T. et Siegenthaler M. (2023). <a href=\"https:\/\/www.bss.swiss\/files\/berichte\/BSS_KOF_Vakanzdauer_Stelleninserate.pdf\">Welche Stellenprofile sind von Fachkr\u00e4ftemangel betroffen?<\/a> Erkenntnisse aus der Analyse der Vakanzdauer von Stelleninseraten. BSS Volkswirtschaftliche Beratung et Centre de recherches conjoncturelles (KOF) de l\u2019EPF de Zurich. \u00c9tude r\u00e9alis\u00e9e sur mandat de l\u2019Union patronale suisse.<\/li>\r\n \t<li class=\"content-copy\">Siegenthaler M. (2023). <a href=\"https:\/\/ethz.ch\/content\/dam\/ethz\/special-interest\/dual\/kof-dam\/documents\/KOF_Bulletin\/2023\/kof_bulletin_2023_04_de.pdf\">Schweizer Arbeitsmarkt weiterhin in guter Verfassung<\/a>. KOF Bulletin \u2013 172, avril\u00a02023.<\/li>\r\n \t<li class=\"content-copy\">Vaeyens R., Coutts A. et Philippaerts R. M. (2005). <a href=\"https:\/\/doi.org\/10.1080\/02640410400023266\">Evaluation of the \u201cunder-21 rule\u201d:<\/a> Do young adult soccer players benefit? Journal of Sports\u00a0Sciences, 23(10), pp.\u00a01003-1012.<\/li>\r\n<\/ul>","post_kasten":null,"post_notes_for_print":"","first_teaser_header_de":"","first_teaser_header_fr":"","first_teaser_text_de":"","first_teaser_text_fr":"","second_teaser_header_de":"","second_teaser_header_fr":"","second_teaser_text_de":"","second_teaser_text_fr":"","kseason_de":"","kseason_fr":"","post_in_pdf":"","main_focus":"","serie_email":"","frontpage_slider_bild":"","artikel_bild-slider":null,"legacy_id":"","post_abstract":"","magazine_issue":null,"seco_author_reccomended_post":"","redaktoren":"","korrektor":"","planned_publication_date":"2026-03-17 06:00:56","original_files":null,"external_release_for_author":null,"external_release_for_author_time":"","link_for_external_authors":"https:\/\/dievolkswirtschaft.ch\/fr\/exedit\/69846a782f28c"},"_links":{"self":[{"href":"https:\/\/dievolkswirtschaft.ch\/fr\/wp-json\/wp\/v2\/posts\/217698"}],"collection":[{"href":"https:\/\/dievolkswirtschaft.ch\/fr\/wp-json\/wp\/v2\/posts"}],"about":[{"href":"https:\/\/dievolkswirtschaft.ch\/fr\/wp-json\/wp\/v2\/types\/post"}],"author":[{"embeddable":true,"href":"https:\/\/dievolkswirtschaft.ch\/fr\/wp-json\/wp\/v2\/users\/5158"}],"replies":[{"embeddable":true,"href":"https:\/\/dievolkswirtschaft.ch\/fr\/wp-json\/wp\/v2\/comments?post=217698"}],"version-history":[{"count":15,"href":"https:\/\/dievolkswirtschaft.ch\/fr\/wp-json\/wp\/v2\/posts\/217698\/revisions"}],"predecessor-version":[{"id":218846,"href":"https:\/\/dievolkswirtschaft.ch\/fr\/wp-json\/wp\/v2\/posts\/217698\/revisions\/218846"}],"acf:user":[{"embeddable":true,"href":"https:\/\/dievolkswirtschaft.ch\/fr\/wp-json\/wp\/v2\/users\/5034"},{"embeddable":true,"href":"https:\/\/dievolkswirtschaft.ch\/fr\/wp-json\/wp\/v2\/users\/12731"},{"embeddable":true,"href":"https:\/\/dievolkswirtschaft.ch\/fr\/wp-json\/wp\/v2\/users\/5158"}],"wp:featuredmedia":[{"embeddable":true,"href":"https:\/\/dievolkswirtschaft.ch\/fr\/wp-json\/wp\/v2\/media\/218812"}],"wp:attachment":[{"href":"https:\/\/dievolkswirtschaft.ch\/fr\/wp-json\/wp\/v2\/media?parent=217698"}],"wp:term":[{"taxonomy":"post__type","embeddable":true,"href":"https:\/\/dievolkswirtschaft.ch\/fr\/wp-json\/wp\/v2\/post__type?post=217698"},{"taxonomy":"post_opinion","embeddable":true,"href":"https:\/\/dievolkswirtschaft.ch\/fr\/wp-json\/wp\/v2\/post_opinion?post=217698"},{"taxonomy":"post_serie","embeddable":true,"href":"https:\/\/dievolkswirtschaft.ch\/fr\/wp-json\/wp\/v2\/post_serie?post=217698"},{"taxonomy":"post_content_category","embeddable":true,"href":"https:\/\/dievolkswirtschaft.ch\/fr\/wp-json\/wp\/v2\/post_content_category?post=217698"},{"taxonomy":"post_content_subject","embeddable":true,"href":"https:\/\/dievolkswirtschaft.ch\/fr\/wp-json\/wp\/v2\/post_content_subject?post=217698"}],"curies":[{"name":"wp","href":"https:\/\/api.w.org\/{rel}","templated":true}]}}