{"id":222848,"date":"2026-09-02T07:00:46","date_gmt":"2026-09-02T05:00:46","guid":{"rendered":"https:\/\/dievolkswirtschaft.ch\/?p=222848"},"modified":"2026-09-02T10:15:36","modified_gmt":"2026-09-02T08:15:36","slug":"quelle-est-limportance-des-competences-pratiques-a-lentree-dans-la-vie-active","status":"publish","type":"post","link":"https:\/\/dievolkswirtschaft.ch\/fr\/2026\/09\/quelle-est-limportance-des-competences-pratiques-a-lentree-dans-la-vie-active\/","title":{"rendered":"Quelle est l\u2019importance des comp\u00e9tences pratiques \u00e0 l\u2019entr\u00e9e dans la vie active?"},"content":{"rendered":"<div class=\"content-copy-questions\">Dans votre nouvelle <a href=\"https:\/\/www.rfberlin.com\/network-paper\/the-value-of-practical-skills\/\">\u00e9tude<\/a>, vous avez cherch\u00e9 \u00e0 savoir quelles seront les comp\u00e9tences essentielles sur le march\u00e9 du travail de demain, en vous appuyant sur les examens de fin d\u2019apprentissage de plus de 170\u00a0professions. Quelles sont vos conclusions?<\/div>\n<p>Les jeunes professionnels dot\u00e9s de comp\u00e9tences pratiques tr\u00e8s solides sont les plus pris\u00e9s sur le march\u00e9 du travail. Ils per\u00e7oivent des salaires plus \u00e9lev\u00e9s, les entreprises sont plus enclines \u00e0 les garder dans leurs rangs et ils risquent moins de se retrouver au ch\u00f4mage.<\/p>\n<div class=\"content-copy-questions\">Est-ce vrai dans toutes les professions?<\/div>\n<p>Oui, c\u2019est notre constat. Ce qui est particuli\u00e8rement int\u00e9ressant, c\u2019est que les comp\u00e9tences pratiques sont importantes non seulement dans les m\u00e9tiers essentiellement manuels mais aussi dans ceux qui exigent de bonnes capacit\u00e9s cognitives, notamment dans les domaines de l\u2019automatisation et de l\u2019informatique.<\/p>\n<div class=\"content-copy-questions\">Qu\u2019est-ce que cela signifie pour le syst\u00e8me de formation duale?<\/div>\n<p>Nos r\u00e9sultats montrent que le syst\u00e8me dual est un compl\u00e9ment essentiel du syst\u00e8me \u00e9ducatif. La formation dispens\u00e9e dans deux lieux, en entreprise et \u00e0 l\u2019\u00e9cole professionnelle, permet aux jeunes ayant des aptitudes pratiques de d\u00e9velopper tr\u00e8s t\u00f4t leurs comp\u00e9tences. Dans le syst\u00e8me purement scolaire, comme celui menant \u00e0 la maturit\u00e9 et aux \u00e9tudes sup\u00e9rieures, la plupart d\u2019entre eux seraient frein\u00e9s dans leur \u00e9panouissement et auraient rarement l\u2019occasion de d\u00e9couvrir et de d\u00e9velopper leurs talents pratiques.<\/p>\n<p><span class=\"content-quotes\">Le probl\u00e8me, ce n\u2019est pas la maturit\u00e9, mais la multiplication des formations enti\u00e8rement scolaires, y compris dans la voie professionnelle<\/span><\/p>\n<div class=\"content-copy-questions\">Plus le taux de maturit\u00e9 est \u00e9lev\u00e9, plus le ch\u00f4mage des jeunes est important. La Suisse va-t-elle au-devant de probl\u00e8mes si les jeunes sont toujours plus nombreux \u00e0 opter pour la maturit\u00e9?<\/div>\n<p>Le probl\u00e8me, ce n\u2019est pas la maturit\u00e9, mais la multiplication des formations enti\u00e8rement scolaires, y compris dans la voie professionnelle. Le syst\u00e8me de formation duale en entreprise favorise une bonne ad\u00e9quation entre les talents individuels et les exigences sp\u00e9cifiques \u00e0 une profession et \u00e0 une entreprise, tant sur le plan quantitatif que qualitatif. Les syst\u00e8mes scolaires donnent aux jeunes la possibilit\u00e9 de poursuivre plus longtemps leurs aspirations professionnelles, mais cela se solde souvent soit par une p\u00e9nurie d\u2019emplois dans leur domaine de sp\u00e9cialisation, soit par le fait qu\u2019ils s\u2019aper\u00e7oivent trop tard que leurs comp\u00e9tences ne correspondent pas aux profils recherch\u00e9s.<\/p>\n<div class=\"content-copy-questions\">Les dipl\u00f4m\u00e9s de l\u2019enseignement sup\u00e9rieur n\u2019ont-ils pas l\u2019exp\u00e9rience pratique n\u00e9cessaire pour s\u2019imposer sur le march\u00e9 du travail?<\/div>\n<p>Ils en ont toujours manqu\u00e9 \u00e0 leur entr\u00e9e dans la vie active. Les premi\u00e8res ann\u00e9es de carri\u00e8re servent donc aussi \u00e0 acqu\u00e9rir cette exp\u00e9rience. Ce que nous observons dans notre \u00e9tude s\u2019applique \u00e9galement \u00e0 ces jeunes dipl\u00f4m\u00e9s: ceux qui poss\u00e8dent \u00e0 la fois de tr\u00e8s bonnes connaissances th\u00e9oriques et des aptitudes pratiques disposent des meilleurs atouts. Toutefois, si la balance penche davantage d\u2019un c\u00f4t\u00e9 que de l\u2019autre, il vaut mieux que ce soit la pratique qui l\u2019emporte.<\/p>\n<p>&nbsp;<\/p>\n<p><em>Propos recueillis par \u00abLa Vie \u00e9conomique\u00bb<\/em><\/p>","protected":false},"excerpt":{"rendered":"<p>Dans votre nouvelle \u00e9tude, vous avez cherch\u00e9 \u00e0 savoir quelles seront les comp\u00e9tences essentielles sur le march\u00e9 du travail de demain, en vous appuyant sur les examens de fin d\u2019apprentissage de plus de 170\u00a0professions. Quelles sont vos conclusions? Les jeunes professionnels dot\u00e9s de comp\u00e9tences pratiques tr\u00e8s solides sont les plus pris\u00e9s sur le march\u00e9 du [&hellip;]<\/p>","protected":false},"author":3061,"featured_media":223390,"comment_status":"open","ping_status":"open","sticky":false,"template":"","format":"standard","meta":{"_acf_changed":false,"om_disable_all_campaigns":false,"ep_exclude_from_search":false,"footnotes":""},"post__type":[80],"post_opinion":[227],"post_serie":[],"post_content_category":[105],"post_content_subject":[123,217],"acf":{"seco_author":3061,"seco_co_author":"","author_override":"","seco_author_post_ocupation_year":"","seco_author_post_occupation_de":"Direktor Schweizerische Koordinationsstelle f\u00fcr Bildungsforschung (SKBF), Aarau, Professor f\u00fcr Bildungs\u00f6konomie und Leiter Forschungsstelle f\u00fcr Bildungs\u00f6konomie, Universit\u00e4t Bern, sowie Co-Direktor Leading House VPET-ECON, Universit\u00e4t Z\u00fcrich","seco_author_post_occupation_fr":"Directeur du Centre suisse de coordination pour la recherche en \u00e9ducation (CSRE), Aarau, professeur d\u2019\u00e9conomie de l\u2019\u00e9ducation et responsable du Centre de recherche sur l\u2019\u00e9conomie de l\u2019\u00e9ducation, Universit\u00e9 de Berne, et codirecteur du Leading House VPET-ECON, Universit\u00e9 de Zurich","seco_co_authors_post_ocupation":null,"short_title":"","post_lead":"","post_hero_image_description":"Les jeunes qui disposent de solides comp\u00e9tences pratiques sont les plus pris\u00e9s sur le march\u00e9 du travail.","post_hero_image_description_copyright_de":"","post_hero_image_description_copyright_fr":"SwissSkills\/Michael Zanghellini","post_references_literature":"","post_kasten":[{"kasten_title":"","kasten_box":"<a href=\"https:\/\/dievolkswirtschaft.ch\/content\/uploads\/2026\/08\/Wolter_Stefan_nachgefragt.jpg\"><img class=\"alignnone size-full wp-image-223015\" src=\"https:\/\/dievolkswirtschaft.ch\/content\/uploads\/2026\/08\/Wolter_Stefan_nachgefragt.jpg\" alt=\"\" width=\"592\" height=\"396\" \/><\/a>\r\n\r\nStefan C. Wolter est professeur en \u00e9conomie de l\u2019\u00e9ducation et directeur du Centre suisse de coordination pour la recherche en \u00e9ducation (CSRE) \u00e0 l'Universit\u00e9 de Berne"}],"post_notes_for_print":"","first_teaser_header_de":"","first_teaser_header_fr":"","first_teaser_text_de":"","first_teaser_text_fr":"","second_teaser_header_de":"","second_teaser_header_fr":"","second_teaser_text_de":"","second_teaser_text_fr":"","kseason_de":"","kseason_fr":"","post_in_pdf":"","main_focus":"","serie_email":"","frontpage_slider_bild":"","artikel_bild-slider":null,"legacy_id":"","post_abstract":"","magazine_issue":null,"seco_author_reccomended_post":"","redaktoren":"","korrektor":"","planned_publication_date":"2026-09-02 05:00:34","original_files":null,"external_release_for_author":null,"external_release_for_author_time":"","link_for_external_authors":"https:\/\/dievolkswirtschaft.ch\/fr\/exedit\/6a840b8f17812"},"_links":{"self":[{"href":"https:\/\/dievolkswirtschaft.ch\/fr\/wp-json\/wp\/v2\/posts\/222848"}],"collection":[{"href":"https:\/\/dievolkswirtschaft.ch\/fr\/wp-json\/wp\/v2\/posts"}],"about":[{"href":"https:\/\/dievolkswirtschaft.ch\/fr\/wp-json\/wp\/v2\/types\/post"}],"author":[{"embeddable":true,"href":"https:\/\/dievolkswirtschaft.ch\/fr\/wp-json\/wp\/v2\/users\/3061"}],"replies":[{"embeddable":true,"href":"https:\/\/dievolkswirtschaft.ch\/fr\/wp-json\/wp\/v2\/comments?post=222848"}],"version-history":[{"count":14,"href":"https:\/\/dievolkswirtschaft.ch\/fr\/wp-json\/wp\/v2\/posts\/222848\/revisions"}],"predecessor-version":[{"id":223444,"href":"https:\/\/dievolkswirtschaft.ch\/fr\/wp-json\/wp\/v2\/posts\/222848\/revisions\/223444"}],"acf:user":[{"embeddable":true,"href":"https:\/\/dievolkswirtschaft.ch\/fr\/wp-json\/wp\/v2\/users\/3061"}],"wp:featuredmedia":[{"embeddable":true,"href":"https:\/\/dievolkswirtschaft.ch\/fr\/wp-json\/wp\/v2\/media\/223390"}],"wp:attachment":[{"href":"https:\/\/dievolkswirtschaft.ch\/fr\/wp-json\/wp\/v2\/media?parent=222848"}],"wp:term":[{"taxonomy":"post__type","embeddable":true,"href":"https:\/\/dievolkswirtschaft.ch\/fr\/wp-json\/wp\/v2\/post__type?post=222848"},{"taxonomy":"post_opinion","embeddable":true,"href":"https:\/\/dievolkswirtschaft.ch\/fr\/wp-json\/wp\/v2\/post_opinion?post=222848"},{"taxonomy":"post_serie","embeddable":true,"href":"https:\/\/dievolkswirtschaft.ch\/fr\/wp-json\/wp\/v2\/post_serie?post=222848"},{"taxonomy":"post_content_category","embeddable":true,"href":"https:\/\/dievolkswirtschaft.ch\/fr\/wp-json\/wp\/v2\/post_content_category?post=222848"},{"taxonomy":"post_content_subject","embeddable":true,"href":"https:\/\/dievolkswirtschaft.ch\/fr\/wp-json\/wp\/v2\/post_content_subject?post=222848"}],"curies":[{"name":"wp","href":"https:\/\/api.w.org\/{rel}","templated":true}]}}