{"id":212217,"date":"2025-07-14T11:52:52","date_gmt":"2025-07-14T09:52:52","guid":{"rendered":"https:\/\/dievolkswirtschaft.ch\/?post_type=serie_email_post&#038;p=212217"},"modified":"2025-07-15T11:10:05","modified_gmt":"2025-07-15T09:10:05","slug":"regard-sur-le-monde-1","status":"publish","type":"serie_email_post","link":"https:\/\/dievolkswirtschaft.ch\/fr\/regard-sur-le-monde\/regard-sur-le-monde-1\/","title":{"rendered":"Regard sur le monde #1"},"content":{"rendered":"<p>Pourquoi certains pays sont-ils \u00e9tonnamment peu endett\u00e9s tandis que d\u2019autres le sont fortement? Et quelles sont les cons\u00e9quences pour ces \u00c9tats et leurs populations?<\/p>\n<p>La premi\u00e8re saison de notre s\u00e9rie <span style=\"color: #808080;\">\u00ab<a style=\"color: #808080;\" href=\"https:\/\/dievolkswirtschaft.ch\/fr\/regard-sur-le-monde\/\">Regard sur le monde<\/a>\u00bb<\/span> est consacr\u00e9e au sujet de la dette publique. Des ambassadeurs de la Suisse \u00e0 l\u2019\u00e9tranger nous font part de leurs r\u00e9flexions depuis la Su\u00e8de, l\u2019Argentine, le Kenya et Singapour.<\/p>","protected":false},"author":2,"featured_media":212302,"template":"","acf":{"_meta":"1<sup>e<\/sup> saison: un regard vers la Su\u00e8de, l\u2019Argentine, le Kenya et Singapour | 12.12.2024","serie_email_post_central_image":212302,"serie_email_posts_list":[204596,205610,206173,206491],"animation":""},"_links":{"self":[{"href":"https:\/\/dievolkswirtschaft.ch\/fr\/wp-json\/wp\/v2\/serie_email_post\/212217"}],"collection":[{"href":"https:\/\/dievolkswirtschaft.ch\/fr\/wp-json\/wp\/v2\/serie_email_post"}],"about":[{"href":"https:\/\/dievolkswirtschaft.ch\/fr\/wp-json\/wp\/v2\/types\/serie_email_post"}],"author":[{"embeddable":true,"href":"https:\/\/dievolkswirtschaft.ch\/fr\/wp-json\/wp\/v2\/users\/2"}],"version-history":[{"count":11,"href":"https:\/\/dievolkswirtschaft.ch\/fr\/wp-json\/wp\/v2\/serie_email_post\/212217\/revisions"}],"predecessor-version":[{"id":212727,"href":"https:\/\/dievolkswirtschaft.ch\/fr\/wp-json\/wp\/v2\/serie_email_post\/212217\/revisions\/212727"}],"acf:post":[{"embeddable":true,"href":"https:\/\/dievolkswirtschaft.ch\/fr\/wp-json\/wp\/v2\/posts\/206491"},{"embeddable":true,"href":"https:\/\/dievolkswirtschaft.ch\/fr\/wp-json\/wp\/v2\/posts\/206173"},{"embeddable":true,"href":"https:\/\/dievolkswirtschaft.ch\/fr\/wp-json\/wp\/v2\/posts\/205610"},{"embeddable":true,"href":"https:\/\/dievolkswirtschaft.ch\/fr\/wp-json\/wp\/v2\/posts\/204596"}],"wp:featuredmedia":[{"embeddable":true,"href":"https:\/\/dievolkswirtschaft.ch\/fr\/wp-json\/wp\/v2\/media\/212302"}],"wp:attachment":[{"href":"https:\/\/dievolkswirtschaft.ch\/fr\/wp-json\/wp\/v2\/media?parent=212217"}],"curies":[{"name":"wp","href":"https:\/\/api.w.org\/{rel}","templated":true}]}}